
{"id":85367,"date":"2020-03-13T23:16:16","date_gmt":"2020-03-14T02:16:16","guid":{"rendered":"https:\/\/www.sudoestehoje.com.br\/novoportal\/?p=85367"},"modified":"2020-03-14T00:17:20","modified_gmt":"2020-03-14T03:17:20","slug":"presidente-cecula-da-camara-de-itambe-e-condenado-a-perda-do-mandato-prisao-e-inelegibilidade-pela-justica-federal","status":"publish","type":"post","link":"https:\/\/www.sudoestehoje.com.br\/novoportal\/2020\/03\/13\/presidente-cecula-da-camara-de-itambe-e-condenado-a-perda-do-mandato-prisao-e-inelegibilidade-pela-justica-federal\/","title":{"rendered":"PRESIDENTE &#8216;CE\u00c7ULA&#8217; DA C\u00c2MARA DE ITAMB\u00c9 \u00c9 CONDENADO \u00c0 PERDA DO MANDATO, PRIS\u00c3O E INELEGIBILIDADE PELA JUSTI\u00c7A FEDERAL"},"content":{"rendered":"<p><a href=\"https:\/\/www.sudoestehoje.com.br\/novoportal\/wp-content\/uploads\/2020\/03\/ce\u00e7ula2.jpg\"><img loading=\"lazy\" decoding=\"async\" class=\"aligncenter size-medium wp-image-85371\" src=\"https:\/\/www.sudoestehoje.com.br\/novoportal\/wp-content\/uploads\/2020\/03\/ce\u00e7ula2-500x333.jpg\" alt=\"\" width=\"500\" height=\"333\" srcset=\"https:\/\/www.sudoestehoje.com.br\/novoportal\/wp-content\/uploads\/2020\/03\/ce\u00e7ula2-500x333.jpg 500w, https:\/\/www.sudoestehoje.com.br\/novoportal\/wp-content\/uploads\/2020\/03\/ce\u00e7ula2-768x512.jpg 768w, https:\/\/www.sudoestehoje.com.br\/novoportal\/wp-content\/uploads\/2020\/03\/ce\u00e7ula2-700x466.jpg 700w, https:\/\/www.sudoestehoje.com.br\/novoportal\/wp-content\/uploads\/2020\/03\/ce\u00e7ula2.jpg 1280w\" sizes=\"auto, (max-width: 500px) 100vw, 500px\" \/><\/a><\/p>\n<p>Vereador e presidente da C\u00e2mara de Itamb\u00e9 ( Sinvaldo de Abreu Santos) conhecido como Ce\u00e7ula, \u00e9 condenado a 3 anos e 9 meses de reclus\u00e3o e, a perda do mandato eletivo e a inabilita\u00e7\u00e3o para o ex\u00e9rcito de cargo ou mandato eletivo pelo prazo de 5 anos.<\/p>\n<p>A condena\u00e7\u00e3o foi proferida pelo Juiz federal Diego Carmo de Souza, que atua na 1\u00b0 vara da justi\u00e7a federal vit\u00f3ria da conquista.<\/p>\n<p>A decis\u00e3o do magistrado foi baseada em den\u00fancia do Minist\u00e9rio P\u00fablico Federal, que acusou o vereador de apropria\u00e7\u00e3o em proveito pr\u00f3prio de recursos do TOPA, programa federal destinado \u00e0 \u00e1rea de educa\u00e7\u00e3o:<strong><em> Confira decis\u00e3o:<\/em><\/strong><\/p>\n<p><span style=\"color: #0000ff;\"><strong><a style=\"color: #0000ff;\" href=\"https:\/\/www.sudoestehoje.com.br\/novoportal\/wp-content\/uploads\/2020\/03\/SENTENC\u0327A-DE-CEC\u0327ULA.pdf\">SENTENC\u0327A DE CEC\u0327ULA<\/a><\/strong><\/span><\/p>\n","protected":false},"excerpt":{"rendered":"<p>Vereador e presidente da C\u00e2mara de Itamb\u00e9 ( Sinvaldo de Abreu Santos) conhecido como Ce\u00e7ula, \u00e9 condenado a 3 anos e 9 meses de reclus\u00e3o e, a perda do mandato eletivo e a inabilita\u00e7\u00e3o para o ex\u00e9rcito de cargo ou mandato eletivo pelo prazo de 5 anos. A condena\u00e7\u00e3o foi proferida pelo Juiz federal Diego [&hellip;]<\/p>\n","protected":false},"author":2,"featured_media":85371,"comment_status":"open","ping_status":"open","sticky":false,"template":"","format":"standard","meta":{"footnotes":"","_links_to":"","_links_to_target":""},"categories":[1],"tags":[],"class_list":["post-85367","post","type-post","status-publish","format-standard","has-post-thumbnail","hentry","category-geral"],"views":1747,"_links":{"self":[{"href":"https:\/\/www.sudoestehoje.com.br\/novoportal\/wp-json\/wp\/v2\/posts\/85367","targetHints":{"allow":["GET"]}}],"collection":[{"href":"https:\/\/www.sudoestehoje.com.br\/novoportal\/wp-json\/wp\/v2\/posts"}],"about":[{"href":"https:\/\/www.sudoestehoje.com.br\/novoportal\/wp-json\/wp\/v2\/types\/post"}],"author":[{"embeddable":true,"href":"https:\/\/www.sudoestehoje.com.br\/novoportal\/wp-json\/wp\/v2\/users\/2"}],"replies":[{"embeddable":true,"href":"https:\/\/www.sudoestehoje.com.br\/novoportal\/wp-json\/wp\/v2\/comments?post=85367"}],"version-history":[{"count":5,"href":"https:\/\/www.sudoestehoje.com.br\/novoportal\/wp-json\/wp\/v2\/posts\/85367\/revisions"}],"predecessor-version":[{"id":85378,"href":"https:\/\/www.sudoestehoje.com.br\/novoportal\/wp-json\/wp\/v2\/posts\/85367\/revisions\/85378"}],"wp:featuredmedia":[{"embeddable":true,"href":"https:\/\/www.sudoestehoje.com.br\/novoportal\/wp-json\/wp\/v2\/media\/85371"}],"wp:attachment":[{"href":"https:\/\/www.sudoestehoje.com.br\/novoportal\/wp-json\/wp\/v2\/media?parent=85367"}],"wp:term":[{"taxonomy":"category","embeddable":true,"href":"https:\/\/www.sudoestehoje.com.br\/novoportal\/wp-json\/wp\/v2\/categories?post=85367"},{"taxonomy":"post_tag","embeddable":true,"href":"https:\/\/www.sudoestehoje.com.br\/novoportal\/wp-json\/wp\/v2\/tags?post=85367"}],"curies":[{"name":"wp","href":"https:\/\/api.w.org\/{rel}","templated":true}]}}