
{"id":85345,"date":"2020-03-13T12:07:43","date_gmt":"2020-03-13T15:07:43","guid":{"rendered":"https:\/\/www.sudoestehoje.com.br\/novoportal\/?p=85345"},"modified":"2020-03-13T21:30:32","modified_gmt":"2020-03-14T00:30:32","slug":"itapetinga-sessao-especial-da-camara-destaca-forca-das-mulheres","status":"publish","type":"post","link":"https:\/\/www.sudoestehoje.com.br\/novoportal\/2020\/03\/13\/itapetinga-sessao-especial-da-camara-destaca-forca-das-mulheres\/","title":{"rendered":"ITAPETINGA: SESS\u00c3O ESPECIAL DA C\u00c2MARA DESTACA FOR\u00c7A DAS MULHERES"},"content":{"rendered":"<p><a href=\"https:\/\/www.sudoestehoje.com.br\/novoportal\/wp-content\/uploads\/2020\/03\/SESS\u00c3O-ESPECIAL-MULHERES.jpeg\"><img loading=\"lazy\" decoding=\"async\" class=\"aligncenter size-medium wp-image-85346\" src=\"https:\/\/www.sudoestehoje.com.br\/novoportal\/wp-content\/uploads\/2020\/03\/SESS\u00c3O-ESPECIAL-MULHERES-500x375.jpeg\" alt=\"\" width=\"500\" height=\"375\" srcset=\"https:\/\/www.sudoestehoje.com.br\/novoportal\/wp-content\/uploads\/2020\/03\/SESS\u00c3O-ESPECIAL-MULHERES-500x375.jpeg 500w, https:\/\/www.sudoestehoje.com.br\/novoportal\/wp-content\/uploads\/2020\/03\/SESS\u00c3O-ESPECIAL-MULHERES.jpeg 768w, https:\/\/www.sudoestehoje.com.br\/novoportal\/wp-content\/uploads\/2020\/03\/SESS\u00c3O-ESPECIAL-MULHERES-700x525.jpeg 700w\" sizes=\"auto, (max-width: 500px) 100vw, 500px\" \/><\/a><\/p>\n<p>A C\u00e2mara Municipal de Itapetinga realizou ontem (12) uma sess\u00e3o especial para marcar a passagem do Dia Internacional da Mulher, comemorado em 8 de mar\u00e7o. De iniciativa da Mesa Diretora, o evento teve como tema \u201cDescobrindo a for\u00e7a de ser mulher\u201d e contou com a participa\u00e7\u00e3o de mulheres que s\u00e3o exemplos de coragem e supera\u00e7\u00e3o.<\/p>\n<p><a href=\"https:\/\/www.sudoestehoje.com.br\/novoportal\/wp-content\/uploads\/2020\/03\/SE-4.jpg\"><img loading=\"lazy\" decoding=\"async\" class=\"aligncenter size-medium wp-image-85353\" src=\"https:\/\/www.sudoestehoje.com.br\/novoportal\/wp-content\/uploads\/2020\/03\/SE-4-500x375.jpg\" alt=\"\" width=\"500\" height=\"375\" srcset=\"https:\/\/www.sudoestehoje.com.br\/novoportal\/wp-content\/uploads\/2020\/03\/SE-4-500x375.jpg 500w, https:\/\/www.sudoestehoje.com.br\/novoportal\/wp-content\/uploads\/2020\/03\/SE-4-768x576.jpg 768w, https:\/\/www.sudoestehoje.com.br\/novoportal\/wp-content\/uploads\/2020\/03\/SE-4-700x525.jpg 700w, https:\/\/www.sudoestehoje.com.br\/novoportal\/wp-content\/uploads\/2020\/03\/SE-4.jpg 960w\" sizes=\"auto, (max-width: 500px) 100vw, 500px\" \/><\/a><\/p>\n<p>Al\u00e9m da vereadora Naara Duarte (DEM), presidenta do Legislativo, participaram da mesa de debates da sess\u00e3o especial a secret\u00e1ria municipal de Desenvolvimento Social, Maria Virginia Brito; a delegada D\u00e9borah Soares; a advogada Maria Lourdes Pio, representando a Subse\u00e7\u00e3o da Ordem dos Advogados do Brasil em Itapetinga; Valdirene Meira, presidente da C\u00e2mara de Dirigentes Lojistas de Itapetinga; a Subtenente Vel\u00e2nia Souza, representando a 8\u00aa Companhia Independente da Pol\u00edcia Militar da Bahia e as palestrantes Suzy Ruas, Adriana Alves e Vit\u00f3ria Aparecida de Ara\u00fajo.\u00a0 <em><strong><a href=\"https:\/\/www.itapetinga.ba.leg.br\/site\/2020\/03\/13\/sessao-especial-destaca-a-forca-das-mulheres\/\">CONTINUE LENDO\u00a0<\/a><\/strong><\/em><\/p>\n\n\t\t<style type=\"text\/css\">\n\t\t\t#gallery-1 {\n\t\t\t\tmargin: auto;\n\t\t\t}\n\t\t\t#gallery-1 .gallery-item {\n\t\t\t\tfloat: left;\n\t\t\t\tmargin-top: 10px;\n\t\t\t\ttext-align: center;\n\t\t\t\twidth: 33%;\n\t\t\t}\n\t\t\t#gallery-1 img {\n\t\t\t\tborder: 2px solid #cfcfcf;\n\t\t\t}\n\t\t\t#gallery-1 .gallery-caption {\n\t\t\t\tmargin-left: 0;\n\t\t\t}\n\t\t\t\/* see gallery_shortcode() in wp-includes\/media.php *\/\n\t\t<\/style>\n\t\t<div id='gallery-1' class='gallery galleryid-85345 gallery-columns-3 gallery-size-thumbnail'><dl class='gallery-item'>\n\t\t\t<dt class='gallery-icon landscape'>\n\t\t\t\t<a href='https:\/\/www.sudoestehoje.com.br\/novoportal\/2020\/03\/13\/itapetinga-sessao-especial-da-camara-destaca-forca-das-mulheres\/se-2\/'><img loading=\"lazy\" decoding=\"async\" width=\"150\" height=\"150\" src=\"https:\/\/www.sudoestehoje.com.br\/novoportal\/wp-content\/uploads\/2020\/03\/SE-2-150x150.jpg\" class=\"attachment-thumbnail size-thumbnail\" alt=\"\" \/><\/a>\n\t\t\t<\/dt><\/dl><dl class='gallery-item'>\n\t\t\t<dt class='gallery-icon portrait'>\n\t\t\t\t<a href='https:\/\/www.sudoestehoje.com.br\/novoportal\/2020\/03\/13\/itapetinga-sessao-especial-da-camara-destaca-forca-das-mulheres\/se-1\/'><img loading=\"lazy\" decoding=\"async\" width=\"150\" height=\"150\" src=\"https:\/\/www.sudoestehoje.com.br\/novoportal\/wp-content\/uploads\/2020\/03\/SE-1-150x150.jpg\" class=\"attachment-thumbnail size-thumbnail\" alt=\"\" \/><\/a>\n\t\t\t<\/dt><\/dl><dl class='gallery-item'>\n\t\t\t<dt class='gallery-icon landscape'>\n\t\t\t\t<a href='https:\/\/www.sudoestehoje.com.br\/novoportal\/2020\/03\/13\/itapetinga-sessao-especial-da-camara-destaca-forca-das-mulheres\/se-3\/'><img loading=\"lazy\" decoding=\"async\" width=\"150\" height=\"150\" src=\"https:\/\/www.sudoestehoje.com.br\/novoportal\/wp-content\/uploads\/2020\/03\/SE-3-150x150.jpg\" class=\"attachment-thumbnail size-thumbnail\" alt=\"\" \/><\/a>\n\t\t\t<\/dt><\/dl><br style=\"clear: both\" \/>\n\t\t<\/div>\n\n","protected":false},"excerpt":{"rendered":"<p>A C\u00e2mara Municipal de Itapetinga realizou ontem (12) uma sess\u00e3o especial para marcar a passagem do Dia Internacional da Mulher, comemorado em 8 de mar\u00e7o. De iniciativa da Mesa Diretora, o evento teve como tema \u201cDescobrindo a for\u00e7a de ser mulher\u201d e contou com a participa\u00e7\u00e3o de mulheres que s\u00e3o exemplos de coragem e supera\u00e7\u00e3o. [&hellip;]<\/p>\n","protected":false},"author":2,"featured_media":85346,"comment_status":"open","ping_status":"open","sticky":false,"template":"","format":"standard","meta":{"footnotes":"","_links_to":"","_links_to_target":""},"categories":[1],"tags":[],"class_list":["post-85345","post","type-post","status-publish","format-standard","has-post-thumbnail","hentry","category-geral"],"views":720,"_links":{"self":[{"href":"https:\/\/www.sudoestehoje.com.br\/novoportal\/wp-json\/wp\/v2\/posts\/85345","targetHints":{"allow":["GET"]}}],"collection":[{"href":"https:\/\/www.sudoestehoje.com.br\/novoportal\/wp-json\/wp\/v2\/posts"}],"about":[{"href":"https:\/\/www.sudoestehoje.com.br\/novoportal\/wp-json\/wp\/v2\/types\/post"}],"author":[{"embeddable":true,"href":"https:\/\/www.sudoestehoje.com.br\/novoportal\/wp-json\/wp\/v2\/users\/2"}],"replies":[{"embeddable":true,"href":"https:\/\/www.sudoestehoje.com.br\/novoportal\/wp-json\/wp\/v2\/comments?post=85345"}],"version-history":[{"count":5,"href":"https:\/\/www.sudoestehoje.com.br\/novoportal\/wp-json\/wp\/v2\/posts\/85345\/revisions"}],"predecessor-version":[{"id":85357,"href":"https:\/\/www.sudoestehoje.com.br\/novoportal\/wp-json\/wp\/v2\/posts\/85345\/revisions\/85357"}],"wp:featuredmedia":[{"embeddable":true,"href":"https:\/\/www.sudoestehoje.com.br\/novoportal\/wp-json\/wp\/v2\/media\/85346"}],"wp:attachment":[{"href":"https:\/\/www.sudoestehoje.com.br\/novoportal\/wp-json\/wp\/v2\/media?parent=85345"}],"wp:term":[{"taxonomy":"category","embeddable":true,"href":"https:\/\/www.sudoestehoje.com.br\/novoportal\/wp-json\/wp\/v2\/categories?post=85345"},{"taxonomy":"post_tag","embeddable":true,"href":"https:\/\/www.sudoestehoje.com.br\/novoportal\/wp-json\/wp\/v2\/tags?post=85345"}],"curies":[{"name":"wp","href":"https:\/\/api.w.org\/{rel}","templated":true}]}}