
{"id":85341,"date":"2020-03-13T18:06:01","date_gmt":"2020-03-13T21:06:01","guid":{"rendered":"https:\/\/www.sudoestehoje.com.br\/novoportal\/?p=85341"},"modified":"2020-03-13T18:06:01","modified_gmt":"2020-03-13T21:06:01","slug":"camara-de-vereadores-e-funcionarios-fecham-acordo-salarial-para-2020","status":"publish","type":"post","link":"https:\/\/www.sudoestehoje.com.br\/novoportal\/2020\/03\/13\/camara-de-vereadores-e-funcionarios-fecham-acordo-salarial-para-2020\/","title":{"rendered":"C\u00c2MARA DE VEREADORES E FUNCION\u00c1RIOS FECHAM ACORDO SALARIAL PARA 2020"},"content":{"rendered":"<p><a href=\"https:\/\/www.sudoestehoje.com.br\/novoportal\/wp-content\/uploads\/2020\/03\/ACORDO-SALARIAL.jpeg\"><img loading=\"lazy\" decoding=\"async\" class=\"aligncenter size-medium wp-image-85342\" src=\"https:\/\/www.sudoestehoje.com.br\/novoportal\/wp-content\/uploads\/2020\/03\/ACORDO-SALARIAL-500x375.jpeg\" alt=\"\" width=\"500\" height=\"375\" srcset=\"https:\/\/www.sudoestehoje.com.br\/novoportal\/wp-content\/uploads\/2020\/03\/ACORDO-SALARIAL-500x375.jpeg 500w, https:\/\/www.sudoestehoje.com.br\/novoportal\/wp-content\/uploads\/2020\/03\/ACORDO-SALARIAL.jpeg 768w, https:\/\/www.sudoestehoje.com.br\/novoportal\/wp-content\/uploads\/2020\/03\/ACORDO-SALARIAL-700x525.jpeg 700w\" sizes=\"auto, (max-width: 500px) 100vw, 500px\" \/><\/a><\/p>\n<p>Na manh\u00e3 de hoje (13), a presidenta da C\u00e2mara Municipal de Itapetinga, Naara Duarte (DEM), promoveu uma reuni\u00e3o com os servidores efetivos da Casa em que ficou definido o percentual de reajuste salarial a ser concedido para a categoria em 2020. Ser\u00e3o 6% de reajuste incidente sobre o sal\u00e1rio base e R$ 100 de adicional no vale alimenta\u00e7\u00e3o, ambos retroativos a janeiro de 2020.<\/p>\n<p>Durante a reuni\u00e3o, previamente convocada pela Presid\u00eancia por meio de of\u00edcio, Naara falou sobre as receitas da C\u00e2mara Municipal, destacando as dificuldades financeiras do \u00f3rg\u00e3o e os cuidados que o gestor deve ter na administra\u00e7\u00e3o da coisa p\u00fablica, para n\u00e3o infringir a Lei de Responsabilidade Fiscal e n\u00e3o comprometer toda a receita.<\/p>\n<p>No ano passado, a C\u00e2mara de Vereadores concedeu\u00a0reajuste de 5% incidente sobre o sal\u00e1rio base dos servidores efetivos (retroativo a janeiro), al\u00e9m de aumentar o valor do aux\u00edlio alimenta\u00e7\u00e3o de R$180 para R$230, com dobras nos meses de junho e dezembro de cada ano.<\/p>\n","protected":false},"excerpt":{"rendered":"<p>Na manh\u00e3 de hoje (13), a presidenta da C\u00e2mara Municipal de Itapetinga, Naara Duarte (DEM), promoveu uma reuni\u00e3o com os servidores efetivos da Casa em que ficou definido o percentual de reajuste salarial a ser concedido para a categoria em 2020. Ser\u00e3o 6% de reajuste incidente sobre o sal\u00e1rio base e R$ 100 de adicional [&hellip;]<\/p>\n","protected":false},"author":2,"featured_media":85342,"comment_status":"open","ping_status":"open","sticky":false,"template":"","format":"standard","meta":{"footnotes":"","_links_to":"","_links_to_target":""},"categories":[1],"tags":[],"class_list":["post-85341","post","type-post","status-publish","format-standard","has-post-thumbnail","hentry","category-geral"],"views":679,"_links":{"self":[{"href":"https:\/\/www.sudoestehoje.com.br\/novoportal\/wp-json\/wp\/v2\/posts\/85341","targetHints":{"allow":["GET"]}}],"collection":[{"href":"https:\/\/www.sudoestehoje.com.br\/novoportal\/wp-json\/wp\/v2\/posts"}],"about":[{"href":"https:\/\/www.sudoestehoje.com.br\/novoportal\/wp-json\/wp\/v2\/types\/post"}],"author":[{"embeddable":true,"href":"https:\/\/www.sudoestehoje.com.br\/novoportal\/wp-json\/wp\/v2\/users\/2"}],"replies":[{"embeddable":true,"href":"https:\/\/www.sudoestehoje.com.br\/novoportal\/wp-json\/wp\/v2\/comments?post=85341"}],"version-history":[{"count":2,"href":"https:\/\/www.sudoestehoje.com.br\/novoportal\/wp-json\/wp\/v2\/posts\/85341\/revisions"}],"predecessor-version":[{"id":85344,"href":"https:\/\/www.sudoestehoje.com.br\/novoportal\/wp-json\/wp\/v2\/posts\/85341\/revisions\/85344"}],"wp:featuredmedia":[{"embeddable":true,"href":"https:\/\/www.sudoestehoje.com.br\/novoportal\/wp-json\/wp\/v2\/media\/85342"}],"wp:attachment":[{"href":"https:\/\/www.sudoestehoje.com.br\/novoportal\/wp-json\/wp\/v2\/media?parent=85341"}],"wp:term":[{"taxonomy":"category","embeddable":true,"href":"https:\/\/www.sudoestehoje.com.br\/novoportal\/wp-json\/wp\/v2\/categories?post=85341"},{"taxonomy":"post_tag","embeddable":true,"href":"https:\/\/www.sudoestehoje.com.br\/novoportal\/wp-json\/wp\/v2\/tags?post=85341"}],"curies":[{"name":"wp","href":"https:\/\/api.w.org\/{rel}","templated":true}]}}