
{"id":8533,"date":"2011-09-12T00:03:51","date_gmt":"2011-09-12T03:03:51","guid":{"rendered":"http:\/\/www.sudoestehoje.com.br\/novoportal\/?p=8533"},"modified":"2011-09-12T00:49:18","modified_gmt":"2011-09-12T03:49:18","slug":"sujeira-no-americo-nogueira","status":"publish","type":"post","link":"https:\/\/www.sudoestehoje.com.br\/novoportal\/2011\/09\/12\/sujeira-no-americo-nogueira\/","title":{"rendered":"SUJEIRA NO AM\u00c9RICO NOGUEIRA"},"content":{"rendered":"<div id=\"attachment_8534\" style=\"width: 410px\" class=\"wp-caption aligncenter\"><a href=\"http:\/\/www.sudoestehoje.com.br\/novoportal\/wp-content\/uploads\/2011\/09\/100_6490.jpg\"><img decoding=\"async\" aria-describedby=\"caption-attachment-8534\" class=\"size-medium wp-image-8534   \" title=\"100_6490\" src=\"http:\/\/www.sudoestehoje.com.br\/novoportal\/wp-content\/uploads\/2011\/09\/100_6490-500x375.jpg\" alt=\"\" width=\"400\" srcset=\"https:\/\/www.sudoestehoje.com.br\/novoportal\/wp-content\/uploads\/2011\/09\/100_6490-500x375.jpg 500w, https:\/\/www.sudoestehoje.com.br\/novoportal\/wp-content\/uploads\/2011\/09\/100_6490-1024x768.jpg 1024w\" sizes=\"(max-width: 500px) 100vw, 500px\" \/><\/a><p id=\"caption-attachment-8534\" class=\"wp-caption-text\">Os canteiros centrais das ruas e avenidas de Itapetinga, viraram dep\u00f3sito de lixo e entulho. No Am\u00e9rico Nogueira a situa\u00e7\u00e3o \u00e9 mais grave, pois n\u00e3o h\u00e1 limpeza nem servi\u00e7o de conserva\u00e7\u00e3o dos canteiros e jardins, pela secretaria do meio ambiente. Como sempre, a &#39;culpa&#39; \u00e9 da popula\u00e7\u00e3o.  <\/p><\/div>\n<div id=\"attachment_8536\" style=\"width: 410px\" class=\"wp-caption aligncenter\"><a href=\"http:\/\/www.sudoestehoje.com.br\/novoportal\/wp-content\/uploads\/2011\/09\/100_6493.jpg\"><img decoding=\"async\" aria-describedby=\"caption-attachment-8536\" class=\"size-medium wp-image-8536 \" title=\"100_6493\" src=\"http:\/\/www.sudoestehoje.com.br\/novoportal\/wp-content\/uploads\/2011\/09\/100_6493-500x375.jpg\" alt=\"\" width=\"400\" srcset=\"https:\/\/www.sudoestehoje.com.br\/novoportal\/wp-content\/uploads\/2011\/09\/100_6493-500x375.jpg 500w, https:\/\/www.sudoestehoje.com.br\/novoportal\/wp-content\/uploads\/2011\/09\/100_6493-1024x768.jpg 1024w\" sizes=\"(max-width: 500px) 100vw, 500px\" \/><\/a><p id=\"caption-attachment-8536\" class=\"wp-caption-text\">Entulh\u00e3o do Am\u00e9rico Nogueira j\u00e1 vai completar um ano e alguns moradores j\u00e1 preparam a &#39;festa de anivers\u00e1rio&#39;, com bolo e velinha. Essa eu n\u00e3o perco.<\/p><\/div>\n","protected":false},"excerpt":{"rendered":"","protected":false},"author":2,"featured_media":0,"comment_status":"open","ping_status":"open","sticky":false,"template":"","format":"standard","meta":{"footnotes":"","_links_to":"","_links_to_target":""},"categories":[1],"tags":[],"class_list":["post-8533","post","type-post","status-publish","format-standard","hentry","category-geral"],"views":1248,"_links":{"self":[{"href":"https:\/\/www.sudoestehoje.com.br\/novoportal\/wp-json\/wp\/v2\/posts\/8533","targetHints":{"allow":["GET"]}}],"collection":[{"href":"https:\/\/www.sudoestehoje.com.br\/novoportal\/wp-json\/wp\/v2\/posts"}],"about":[{"href":"https:\/\/www.sudoestehoje.com.br\/novoportal\/wp-json\/wp\/v2\/types\/post"}],"author":[{"embeddable":true,"href":"https:\/\/www.sudoestehoje.com.br\/novoportal\/wp-json\/wp\/v2\/users\/2"}],"replies":[{"embeddable":true,"href":"https:\/\/www.sudoestehoje.com.br\/novoportal\/wp-json\/wp\/v2\/comments?post=8533"}],"version-history":[{"count":8,"href":"https:\/\/www.sudoestehoje.com.br\/novoportal\/wp-json\/wp\/v2\/posts\/8533\/revisions"}],"predecessor-version":[{"id":8567,"href":"https:\/\/www.sudoestehoje.com.br\/novoportal\/wp-json\/wp\/v2\/posts\/8533\/revisions\/8567"}],"wp:attachment":[{"href":"https:\/\/www.sudoestehoje.com.br\/novoportal\/wp-json\/wp\/v2\/media?parent=8533"}],"wp:term":[{"taxonomy":"category","embeddable":true,"href":"https:\/\/www.sudoestehoje.com.br\/novoportal\/wp-json\/wp\/v2\/categories?post=8533"},{"taxonomy":"post_tag","embeddable":true,"href":"https:\/\/www.sudoestehoje.com.br\/novoportal\/wp-json\/wp\/v2\/tags?post=8533"}],"curies":[{"name":"wp","href":"https:\/\/api.w.org\/{rel}","templated":true}]}}