
{"id":85322,"date":"2020-03-11T23:30:38","date_gmt":"2020-03-12T02:30:38","guid":{"rendered":"https:\/\/www.sudoestehoje.com.br\/novoportal\/?p=85322"},"modified":"2020-03-11T19:56:53","modified_gmt":"2020-03-11T22:56:53","slug":"vereador-marcio-piu-culpa-rosemberg-pela-buraqueira-da-avenida-julio-rodrigues","status":"publish","type":"post","link":"https:\/\/www.sudoestehoje.com.br\/novoportal\/2020\/03\/11\/vereador-marcio-piu-culpa-rosemberg-pela-buraqueira-da-avenida-julio-rodrigues\/","title":{"rendered":"VEREADOR M\u00c1RCIO PIU CULPA ROSEMBERG PELA BURAQUEIRA DA AVENIDA JULIO RODRIGUES"},"content":{"rendered":"<p><a href=\"https:\/\/www.sudoestehoje.com.br\/novoportal\/wp-content\/uploads\/2020\/03\/piu-hoje.jpg\"><img loading=\"lazy\" decoding=\"async\" class=\"aligncenter size-medium wp-image-85324\" src=\"https:\/\/www.sudoestehoje.com.br\/novoportal\/wp-content\/uploads\/2020\/03\/piu-hoje-500x375.jpg\" alt=\"\" width=\"500\" height=\"375\" srcset=\"https:\/\/www.sudoestehoje.com.br\/novoportal\/wp-content\/uploads\/2020\/03\/piu-hoje-500x375.jpg 500w, https:\/\/www.sudoestehoje.com.br\/novoportal\/wp-content\/uploads\/2020\/03\/piu-hoje-768x576.jpg 768w, https:\/\/www.sudoestehoje.com.br\/novoportal\/wp-content\/uploads\/2020\/03\/piu-hoje-700x525.jpg 700w, https:\/\/www.sudoestehoje.com.br\/novoportal\/wp-content\/uploads\/2020\/03\/piu-hoje.jpg 1280w\" sizes=\"auto, (max-width: 500px) 100vw, 500px\" \/><\/a><\/p>\n<p>Na sess\u00e3o legislativa desta quarta-feira (11), na C\u00e2mara de Vereadores de Itapetinga, o vereador M\u00e1rcio Piu (PSC) usou o espa\u00e7o do pequeno expediente para protestar contra a situa\u00e7\u00e3o calamitosa da Av. J\u00falio Rodrigues, no trecho que liga a Esta\u00e7\u00e3o Rodovi\u00e1ria \u00e0 Azal\u00e9ia.<\/p>\n<p>A cr\u00edtica do vereador recaiu contra os representantes do Governo do Estado no munic\u00edpio, principalmente o deputado estadual Rosemberg Pinto (PT), que segundo o vereador j\u00e1 prometeu por diversas vezes a recupera\u00e7\u00e3o da importante via, que faz parte do acesso \u00e0 BA-263.<\/p>\n<p>Piu desafiou o deputado Rosemberg e sua assessoria a cumprir o que prometeu, atrav\u00e9s de in\u00fameras reportagens em r\u00e1dios e blogs do PT, h\u00e1 quase 3 anos.<\/p>\n<p>A bancada oposicionista na c\u00e2mara ouviu calada as cr\u00edticas do colega, sem dar um &#8216;piu&#8217;.<\/p>\n<p><strong><em>Por Davi Ferraz\u00a0<\/em><\/strong><\/p>\n","protected":false},"excerpt":{"rendered":"<p>Na sess\u00e3o legislativa desta quarta-feira (11), na C\u00e2mara de Vereadores de Itapetinga, o vereador M\u00e1rcio Piu (PSC) usou o espa\u00e7o do pequeno expediente para protestar contra a situa\u00e7\u00e3o calamitosa da Av. J\u00falio Rodrigues, no trecho que liga a Esta\u00e7\u00e3o Rodovi\u00e1ria \u00e0 Azal\u00e9ia. A cr\u00edtica do vereador recaiu contra os representantes do Governo do Estado no [&hellip;]<\/p>\n","protected":false},"author":2,"featured_media":85324,"comment_status":"open","ping_status":"open","sticky":false,"template":"","format":"standard","meta":{"footnotes":"","_links_to":"","_links_to_target":""},"categories":[1],"tags":[],"class_list":["post-85322","post","type-post","status-publish","format-standard","has-post-thumbnail","hentry","category-geral"],"views":722,"_links":{"self":[{"href":"https:\/\/www.sudoestehoje.com.br\/novoportal\/wp-json\/wp\/v2\/posts\/85322","targetHints":{"allow":["GET"]}}],"collection":[{"href":"https:\/\/www.sudoestehoje.com.br\/novoportal\/wp-json\/wp\/v2\/posts"}],"about":[{"href":"https:\/\/www.sudoestehoje.com.br\/novoportal\/wp-json\/wp\/v2\/types\/post"}],"author":[{"embeddable":true,"href":"https:\/\/www.sudoestehoje.com.br\/novoportal\/wp-json\/wp\/v2\/users\/2"}],"replies":[{"embeddable":true,"href":"https:\/\/www.sudoestehoje.com.br\/novoportal\/wp-json\/wp\/v2\/comments?post=85322"}],"version-history":[{"count":3,"href":"https:\/\/www.sudoestehoje.com.br\/novoportal\/wp-json\/wp\/v2\/posts\/85322\/revisions"}],"predecessor-version":[{"id":85326,"href":"https:\/\/www.sudoestehoje.com.br\/novoportal\/wp-json\/wp\/v2\/posts\/85322\/revisions\/85326"}],"wp:featuredmedia":[{"embeddable":true,"href":"https:\/\/www.sudoestehoje.com.br\/novoportal\/wp-json\/wp\/v2\/media\/85324"}],"wp:attachment":[{"href":"https:\/\/www.sudoestehoje.com.br\/novoportal\/wp-json\/wp\/v2\/media?parent=85322"}],"wp:term":[{"taxonomy":"category","embeddable":true,"href":"https:\/\/www.sudoestehoje.com.br\/novoportal\/wp-json\/wp\/v2\/categories?post=85322"},{"taxonomy":"post_tag","embeddable":true,"href":"https:\/\/www.sudoestehoje.com.br\/novoportal\/wp-json\/wp\/v2\/tags?post=85322"}],"curies":[{"name":"wp","href":"https:\/\/api.w.org\/{rel}","templated":true}]}}