
{"id":85315,"date":"2020-03-10T22:34:28","date_gmt":"2020-03-11T01:34:28","guid":{"rendered":"https:\/\/www.sudoestehoje.com.br\/novoportal\/?p=85315"},"modified":"2020-03-10T22:37:14","modified_gmt":"2020-03-11T01:37:14","slug":"globo-e-drauzio-pedem-desculpas-a-familia-do-garoto-assassinado-pela-trans-suzy","status":"publish","type":"post","link":"https:\/\/www.sudoestehoje.com.br\/novoportal\/2020\/03\/10\/globo-e-drauzio-pedem-desculpas-a-familia-do-garoto-assassinado-pela-trans-suzy\/","title":{"rendered":"GLOBO E DRAUZIO PEDEM DESCULPAS \u00c0 FAM\u00cdLIA DO GAROTO ASSASSINADO PELA TRANS &#8216;SUZY&#8217;"},"content":{"rendered":"<p><a href=\"https:\/\/www.sudoestehoje.com.br\/novoportal\/wp-content\/uploads\/2020\/03\/GLOBO-E-DRAUZIO.jpg\"><img loading=\"lazy\" decoding=\"async\" class=\"aligncenter size-medium wp-image-85318\" src=\"https:\/\/www.sudoestehoje.com.br\/novoportal\/wp-content\/uploads\/2020\/03\/GLOBO-E-DRAUZIO-500x260.jpg\" alt=\"\" width=\"500\" height=\"260\" srcset=\"https:\/\/www.sudoestehoje.com.br\/novoportal\/wp-content\/uploads\/2020\/03\/GLOBO-E-DRAUZIO-500x260.jpg 500w, https:\/\/www.sudoestehoje.com.br\/novoportal\/wp-content\/uploads\/2020\/03\/GLOBO-E-DRAUZIO.jpg 540w\" sizes=\"auto, (max-width: 500px) 100vw, 500px\" \/><\/a><\/p>\n<p>A TV Globo se pronunciou novamente nesta ter\u00e7a-feira (10) sobre a repercuss\u00e3o negativa da mat\u00e9ria do Dr. Drauzio Varella veiculada no\u00a0<em>Fant\u00e1stico<\/em>\u00a0do \u00faltimo dia 1\u00ba deste m\u00eas. A omiss\u00e3o do crime cometido pela transexual Suzy &#8211; estupro e assassinato de uma crian\u00e7a &#8211; despertou v\u00e1rias cr\u00edticas ao m\u00e9dico e \u00e0 emissora, levando a um pronunciamento oficial durante o encerramento do\u00a0<em>Jornal Nacional<\/em>\u00a0de hoje.<\/p>\n<p class=\"texto\">Ap\u00f3s exibir, na \u00edntegra, o v\u00eddeo postado pelo Dr. Drauzio Varella, que foi divulgado nesta ter\u00e7a-feira, o apresentador William Bonner leu no Jornal Nacional o novo posicionamento da TV Globo.<\/p>\n<p class=\"texto\">&#8220;<em>Pelos mesmos motivos do Dr. Drauzio Varella, tamb\u00e9m o Fant\u00e1stico e a Globo pedem desculpas \u00e0 fam\u00edlia da v\u00edtima e a todos os telespectadores. A trans Suzy n\u00e3o foi presa por roubo, nem furto. Ela cumpre pena de pris\u00e3o por estupro e assassinato de um menino. Apenas depois da exibi\u00e7\u00e3o do quadro, o Fant\u00e1stico tomou conhecimento da gravidade do crime. E s\u00f3 hoje, a Globo se manifesta com mais clareza sobre o assunto, porque respeitou protocolos de seguran\u00e7a. Protocolos que autoridades p\u00fablicas n\u00e3o seguiram.<\/em>&#8221; <strong><em>Confira v\u00eddeo:<\/em><\/strong><\/p>\n<p>https:\/\/www.youtube.com\/watch?time_continue=2664&#038;v=0XrAaSXk0e8&#038;feature=emb_logo<\/p>\n<p>&nbsp;<\/p>\n","protected":false},"excerpt":{"rendered":"<p>A TV Globo se pronunciou novamente nesta ter\u00e7a-feira (10) sobre a repercuss\u00e3o negativa da mat\u00e9ria do Dr. Drauzio Varella veiculada no\u00a0Fant\u00e1stico\u00a0do \u00faltimo dia 1\u00ba deste m\u00eas. A omiss\u00e3o do crime cometido pela transexual Suzy &#8211; estupro e assassinato de uma crian\u00e7a &#8211; despertou v\u00e1rias cr\u00edticas ao m\u00e9dico e \u00e0 emissora, levando a um pronunciamento oficial [&hellip;]<\/p>\n","protected":false},"author":2,"featured_media":85318,"comment_status":"open","ping_status":"open","sticky":false,"template":"","format":"standard","meta":{"footnotes":"","_links_to":"","_links_to_target":""},"categories":[1],"tags":[],"class_list":["post-85315","post","type-post","status-publish","format-standard","has-post-thumbnail","hentry","category-geral"],"views":957,"_links":{"self":[{"href":"https:\/\/www.sudoestehoje.com.br\/novoportal\/wp-json\/wp\/v2\/posts\/85315","targetHints":{"allow":["GET"]}}],"collection":[{"href":"https:\/\/www.sudoestehoje.com.br\/novoportal\/wp-json\/wp\/v2\/posts"}],"about":[{"href":"https:\/\/www.sudoestehoje.com.br\/novoportal\/wp-json\/wp\/v2\/types\/post"}],"author":[{"embeddable":true,"href":"https:\/\/www.sudoestehoje.com.br\/novoportal\/wp-json\/wp\/v2\/users\/2"}],"replies":[{"embeddable":true,"href":"https:\/\/www.sudoestehoje.com.br\/novoportal\/wp-json\/wp\/v2\/comments?post=85315"}],"version-history":[{"count":5,"href":"https:\/\/www.sudoestehoje.com.br\/novoportal\/wp-json\/wp\/v2\/posts\/85315\/revisions"}],"predecessor-version":[{"id":85321,"href":"https:\/\/www.sudoestehoje.com.br\/novoportal\/wp-json\/wp\/v2\/posts\/85315\/revisions\/85321"}],"wp:featuredmedia":[{"embeddable":true,"href":"https:\/\/www.sudoestehoje.com.br\/novoportal\/wp-json\/wp\/v2\/media\/85318"}],"wp:attachment":[{"href":"https:\/\/www.sudoestehoje.com.br\/novoportal\/wp-json\/wp\/v2\/media?parent=85315"}],"wp:term":[{"taxonomy":"category","embeddable":true,"href":"https:\/\/www.sudoestehoje.com.br\/novoportal\/wp-json\/wp\/v2\/categories?post=85315"},{"taxonomy":"post_tag","embeddable":true,"href":"https:\/\/www.sudoestehoje.com.br\/novoportal\/wp-json\/wp\/v2\/tags?post=85315"}],"curies":[{"name":"wp","href":"https:\/\/api.w.org\/{rel}","templated":true}]}}