
{"id":85301,"date":"2020-03-10T17:11:12","date_gmt":"2020-03-10T20:11:12","guid":{"rendered":"https:\/\/www.sudoestehoje.com.br\/novoportal\/?p=85301"},"modified":"2020-03-10T17:17:49","modified_gmt":"2020-03-10T20:17:49","slug":"carreta-com-toras-de-madeira-tomba-sobre-taxi-de-maiquinique-em-conquista","status":"publish","type":"post","link":"https:\/\/www.sudoestehoje.com.br\/novoportal\/2020\/03\/10\/carreta-com-toras-de-madeira-tomba-sobre-taxi-de-maiquinique-em-conquista\/","title":{"rendered":"CARRETA COM TORAS DE MADEIRA TOMBA SOBRE TAXI DE MAIQUINIQUE EM CONQUISTA"},"content":{"rendered":"<p><a href=\"https:\/\/www.sudoestehoje.com.br\/novoportal\/wp-content\/uploads\/2020\/03\/CARRETA-MADEIRA-TOMBA.jpg\"><img loading=\"lazy\" decoding=\"async\" class=\"aligncenter size-medium wp-image-85302\" src=\"https:\/\/www.sudoestehoje.com.br\/novoportal\/wp-content\/uploads\/2020\/03\/CARRETA-MADEIRA-TOMBA-500x334.jpg\" alt=\"\" width=\"500\" height=\"334\" srcset=\"https:\/\/www.sudoestehoje.com.br\/novoportal\/wp-content\/uploads\/2020\/03\/CARRETA-MADEIRA-TOMBA-500x334.jpg 500w, https:\/\/www.sudoestehoje.com.br\/novoportal\/wp-content\/uploads\/2020\/03\/CARRETA-MADEIRA-TOMBA.jpg 600w\" sizes=\"auto, (max-width: 500px) 100vw, 500px\" \/><\/a><\/p>\n<p>Uma carreta bi-trem carregada de eucalipto tombou sobre um t\u00e1xi de Maiquinique, durante a tentativa de ultrapassagem em uma curva no per\u00edmetro urbano de Vit\u00f3ria da Conquista.<\/p>\n<p>O acidente aconteceu \u00e0s 16h15min, na Al\u00e7a do Anel Rodovi\u00e1rio Jadiel Vieira Matos, na Avenida Juracy Magalh\u00e3es, pr\u00f3ximo ao Assa\u00ed Atacadista.<\/p>\n<p>Duas pessoas ficaram feridas e foram socorridas pelo Servi\u00e7o de Atendimento M\u00f3vel de Urg\u00eancia ao Hospital Geral de Vit\u00f3ria da Conquista e Hospital S\u00e3o Vicente de Paulo.<\/p>\n<p>Unidades do 7\u00ba Grupamento de Bombeiros Militar e da 77\u00aa Companhia Independente de Pol\u00edcia Militar registraram a ocorr\u00eancia. <em>\/\/Blog do Anderson<\/em><\/p>\n\n\t\t<style type=\"text\/css\">\n\t\t\t#gallery-1 {\n\t\t\t\tmargin: auto;\n\t\t\t}\n\t\t\t#gallery-1 .gallery-item {\n\t\t\t\tfloat: left;\n\t\t\t\tmargin-top: 10px;\n\t\t\t\ttext-align: center;\n\t\t\t\twidth: 33%;\n\t\t\t}\n\t\t\t#gallery-1 img {\n\t\t\t\tborder: 2px solid #cfcfcf;\n\t\t\t}\n\t\t\t#gallery-1 .gallery-caption {\n\t\t\t\tmargin-left: 0;\n\t\t\t}\n\t\t\t\/* see gallery_shortcode() in wp-includes\/media.php *\/\n\t\t<\/style>\n\t\t<div id='gallery-1' class='gallery galleryid-85301 gallery-columns-3 gallery-size-thumbnail'><dl class='gallery-item'>\n\t\t\t<dt class='gallery-icon landscape'>\n\t\t\t\t<a href='https:\/\/www.sudoestehoje.com.br\/novoportal\/2020\/03\/10\/carreta-com-toras-de-madeira-tomba-sobre-taxi-de-maiquinique-em-conquista\/eucal-1\/'><img loading=\"lazy\" decoding=\"async\" width=\"150\" height=\"150\" src=\"https:\/\/www.sudoestehoje.com.br\/novoportal\/wp-content\/uploads\/2020\/03\/EUCAL-1-150x150.jpg\" class=\"attachment-thumbnail size-thumbnail\" alt=\"\" \/><\/a>\n\t\t\t<\/dt><\/dl><dl class='gallery-item'>\n\t\t\t<dt class='gallery-icon landscape'>\n\t\t\t\t<a href='https:\/\/www.sudoestehoje.com.br\/novoportal\/2020\/03\/10\/carreta-com-toras-de-madeira-tomba-sobre-taxi-de-maiquinique-em-conquista\/eucal-2\/'><img loading=\"lazy\" decoding=\"async\" width=\"150\" height=\"150\" src=\"https:\/\/www.sudoestehoje.com.br\/novoportal\/wp-content\/uploads\/2020\/03\/EUCAL-2-150x150.jpg\" class=\"attachment-thumbnail size-thumbnail\" alt=\"\" \/><\/a>\n\t\t\t<\/dt><\/dl><dl class='gallery-item'>\n\t\t\t<dt class='gallery-icon landscape'>\n\t\t\t\t<a href='https:\/\/www.sudoestehoje.com.br\/novoportal\/2020\/03\/10\/carreta-com-toras-de-madeira-tomba-sobre-taxi-de-maiquinique-em-conquista\/eucal-3\/'><img loading=\"lazy\" decoding=\"async\" width=\"150\" height=\"150\" src=\"https:\/\/www.sudoestehoje.com.br\/novoportal\/wp-content\/uploads\/2020\/03\/EUCAL-3-150x150.jpg\" class=\"attachment-thumbnail size-thumbnail\" alt=\"\" \/><\/a>\n\t\t\t<\/dt><\/dl><br style=\"clear: both\" \/>\n\t\t<\/div>\n\n","protected":false},"excerpt":{"rendered":"<p>Uma carreta bi-trem carregada de eucalipto tombou sobre um t\u00e1xi de Maiquinique, durante a tentativa de ultrapassagem em uma curva no per\u00edmetro urbano de Vit\u00f3ria da Conquista. O acidente aconteceu \u00e0s 16h15min, na Al\u00e7a do Anel Rodovi\u00e1rio Jadiel Vieira Matos, na Avenida Juracy Magalh\u00e3es, pr\u00f3ximo ao Assa\u00ed Atacadista. Duas pessoas ficaram feridas e foram socorridas [&hellip;]<\/p>\n","protected":false},"author":2,"featured_media":85302,"comment_status":"open","ping_status":"open","sticky":false,"template":"","format":"standard","meta":{"footnotes":"","_links_to":"","_links_to_target":""},"categories":[1],"tags":[],"class_list":["post-85301","post","type-post","status-publish","format-standard","has-post-thumbnail","hentry","category-geral"],"views":1177,"_links":{"self":[{"href":"https:\/\/www.sudoestehoje.com.br\/novoportal\/wp-json\/wp\/v2\/posts\/85301","targetHints":{"allow":["GET"]}}],"collection":[{"href":"https:\/\/www.sudoestehoje.com.br\/novoportal\/wp-json\/wp\/v2\/posts"}],"about":[{"href":"https:\/\/www.sudoestehoje.com.br\/novoportal\/wp-json\/wp\/v2\/types\/post"}],"author":[{"embeddable":true,"href":"https:\/\/www.sudoestehoje.com.br\/novoportal\/wp-json\/wp\/v2\/users\/2"}],"replies":[{"embeddable":true,"href":"https:\/\/www.sudoestehoje.com.br\/novoportal\/wp-json\/wp\/v2\/comments?post=85301"}],"version-history":[{"count":2,"href":"https:\/\/www.sudoestehoje.com.br\/novoportal\/wp-json\/wp\/v2\/posts\/85301\/revisions"}],"predecessor-version":[{"id":85307,"href":"https:\/\/www.sudoestehoje.com.br\/novoportal\/wp-json\/wp\/v2\/posts\/85301\/revisions\/85307"}],"wp:featuredmedia":[{"embeddable":true,"href":"https:\/\/www.sudoestehoje.com.br\/novoportal\/wp-json\/wp\/v2\/media\/85302"}],"wp:attachment":[{"href":"https:\/\/www.sudoestehoje.com.br\/novoportal\/wp-json\/wp\/v2\/media?parent=85301"}],"wp:term":[{"taxonomy":"category","embeddable":true,"href":"https:\/\/www.sudoestehoje.com.br\/novoportal\/wp-json\/wp\/v2\/categories?post=85301"},{"taxonomy":"post_tag","embeddable":true,"href":"https:\/\/www.sudoestehoje.com.br\/novoportal\/wp-json\/wp\/v2\/tags?post=85301"}],"curies":[{"name":"wp","href":"https:\/\/api.w.org\/{rel}","templated":true}]}}