
{"id":85290,"date":"2020-03-09T23:49:55","date_gmt":"2020-03-10T02:49:55","guid":{"rendered":"https:\/\/www.sudoestehoje.com.br\/novoportal\/?p=85290"},"modified":"2020-03-09T23:49:55","modified_gmt":"2020-03-10T02:49:55","slug":"missa-de-setimo-dia-de-cicero-alencar","status":"publish","type":"post","link":"https:\/\/www.sudoestehoje.com.br\/novoportal\/2020\/03\/09\/missa-de-setimo-dia-de-cicero-alencar\/","title":{"rendered":"MISSA DE S\u00c9TIMO DIA DE C\u00cdCERO ALENCAR"},"content":{"rendered":"<p><a href=\"https:\/\/www.sudoestehoje.com.br\/novoportal\/wp-content\/uploads\/2020\/03\/MISSA.jpg\"><img loading=\"lazy\" decoding=\"async\" class=\"aligncenter size-medium wp-image-85291\" src=\"https:\/\/www.sudoestehoje.com.br\/novoportal\/wp-content\/uploads\/2020\/03\/MISSA-495x700.jpg\" alt=\"\" width=\"495\" height=\"700\" srcset=\"https:\/\/www.sudoestehoje.com.br\/novoportal\/wp-content\/uploads\/2020\/03\/MISSA-495x700.jpg 495w, https:\/\/www.sudoestehoje.com.br\/novoportal\/wp-content\/uploads\/2020\/03\/MISSA-768x1085.jpg 768w, https:\/\/www.sudoestehoje.com.br\/novoportal\/wp-content\/uploads\/2020\/03\/MISSA-637x900.jpg 637w, https:\/\/www.sudoestehoje.com.br\/novoportal\/wp-content\/uploads\/2020\/03\/MISSA.jpg 906w\" sizes=\"auto, (max-width: 495px) 100vw, 495px\" \/><\/a><\/p>\n<p><strong>A fam\u00edlia de C\u00edcero Mendon\u00e7a de Alencar, convida familiares, amigos e toda comunidade para a celebra\u00e7\u00e3o da Missa de S\u00e9timo Dia de seu falecimento, que acontecer\u00e1 no pr\u00f3ximo s\u00e1bado, \u00e0s 18h, na Igreja Nossa Senhora das Gra\u00e7as, em Itapetinga.<\/strong><\/p>\n<p><strong>A fam\u00edlia agradece a todos que comparecerem a este ato de f\u00e9 e solidariedade crist\u00e3.<\/strong><\/p>\n","protected":false},"excerpt":{"rendered":"<p>A fam\u00edlia de C\u00edcero Mendon\u00e7a de Alencar, convida familiares, amigos e toda comunidade para a celebra\u00e7\u00e3o da Missa de S\u00e9timo Dia de seu falecimento, que acontecer\u00e1 no pr\u00f3ximo s\u00e1bado, \u00e0s 18h, na Igreja Nossa Senhora das Gra\u00e7as, em Itapetinga. A fam\u00edlia agradece a todos que comparecerem a este ato de f\u00e9 e solidariedade crist\u00e3.<\/p>\n","protected":false},"author":2,"featured_media":85291,"comment_status":"open","ping_status":"open","sticky":false,"template":"","format":"standard","meta":{"footnotes":"","_links_to":"","_links_to_target":""},"categories":[1],"tags":[],"class_list":["post-85290","post","type-post","status-publish","format-standard","has-post-thumbnail","hentry","category-geral"],"views":892,"_links":{"self":[{"href":"https:\/\/www.sudoestehoje.com.br\/novoportal\/wp-json\/wp\/v2\/posts\/85290","targetHints":{"allow":["GET"]}}],"collection":[{"href":"https:\/\/www.sudoestehoje.com.br\/novoportal\/wp-json\/wp\/v2\/posts"}],"about":[{"href":"https:\/\/www.sudoestehoje.com.br\/novoportal\/wp-json\/wp\/v2\/types\/post"}],"author":[{"embeddable":true,"href":"https:\/\/www.sudoestehoje.com.br\/novoportal\/wp-json\/wp\/v2\/users\/2"}],"replies":[{"embeddable":true,"href":"https:\/\/www.sudoestehoje.com.br\/novoportal\/wp-json\/wp\/v2\/comments?post=85290"}],"version-history":[{"count":1,"href":"https:\/\/www.sudoestehoje.com.br\/novoportal\/wp-json\/wp\/v2\/posts\/85290\/revisions"}],"predecessor-version":[{"id":85292,"href":"https:\/\/www.sudoestehoje.com.br\/novoportal\/wp-json\/wp\/v2\/posts\/85290\/revisions\/85292"}],"wp:featuredmedia":[{"embeddable":true,"href":"https:\/\/www.sudoestehoje.com.br\/novoportal\/wp-json\/wp\/v2\/media\/85291"}],"wp:attachment":[{"href":"https:\/\/www.sudoestehoje.com.br\/novoportal\/wp-json\/wp\/v2\/media?parent=85290"}],"wp:term":[{"taxonomy":"category","embeddable":true,"href":"https:\/\/www.sudoestehoje.com.br\/novoportal\/wp-json\/wp\/v2\/categories?post=85290"},{"taxonomy":"post_tag","embeddable":true,"href":"https:\/\/www.sudoestehoje.com.br\/novoportal\/wp-json\/wp\/v2\/tags?post=85290"}],"curies":[{"name":"wp","href":"https:\/\/api.w.org\/{rel}","templated":true}]}}