
{"id":85283,"date":"2020-03-09T18:32:20","date_gmt":"2020-03-09T21:32:20","guid":{"rendered":"https:\/\/www.sudoestehoje.com.br\/novoportal\/?p=85283"},"modified":"2020-03-09T18:32:20","modified_gmt":"2020-03-09T21:32:20","slug":"aposentado-prova-que-esta-vivo-em-2020-mas-caixa-exige-prova-tambem-de-2019","status":"publish","type":"post","link":"https:\/\/www.sudoestehoje.com.br\/novoportal\/2020\/03\/09\/aposentado-prova-que-esta-vivo-em-2020-mas-caixa-exige-prova-tambem-de-2019\/","title":{"rendered":"APOSENTADO PROVA QUE EST\u00c1 VIVO EM 2020, MAS CAIXA EXIGE PROVA TAMB\u00c9M DE 2019"},"content":{"rendered":"<p><a href=\"https:\/\/www.sudoestehoje.com.br\/novoportal\/wp-content\/uploads\/2020\/03\/INSS.jpg\"><img loading=\"lazy\" decoding=\"async\" class=\"aligncenter size-medium wp-image-85286\" src=\"https:\/\/www.sudoestehoje.com.br\/novoportal\/wp-content\/uploads\/2020\/03\/INSS-500x333.jpg\" alt=\"\" width=\"500\" height=\"333\" srcset=\"https:\/\/www.sudoestehoje.com.br\/novoportal\/wp-content\/uploads\/2020\/03\/INSS-500x333.jpg 500w, https:\/\/www.sudoestehoje.com.br\/novoportal\/wp-content\/uploads\/2020\/03\/INSS.jpg 680w\" sizes=\"auto, (max-width: 500px) 100vw, 500px\" \/><\/a><\/p>\n<p>N\u00e3o \u00e9 piada, ao contr\u00e1rio, \u00e9 muito s\u00e9rio. O advogado Michel Assef, de 74 anos, teve a aposentadoria suspensa, pois precisava provar que estava vivo para continuar a receber o benef\u00edcio. Seguiu a recomenda\u00e7\u00e3o do INSS, dirigindo-se \u00e0 uma ag\u00eancia da Caixa Econ\u00f4mica Federal para apresentar a prova de vida de 2020. No entanto, o assunto n\u00e3o se resolveria assim t\u00e3o facilmente.<\/p>\n<p>Depois que fez toda a burocracia, comprovando que estava vivo em 2020, o aposentado se viu envolvido em outra exig\u00eancia da Caixa: teria que provar que estava vivo tamb\u00e9m em 2019. Isso mesmo.<\/p>\n<p>\u201cInformaram-me que eu teria que ir em outra ag\u00eancia fazer a prova de vida de 2019. Eu achei que estavam de brincadeira, porque se eu estou vivo em 2020, \u00e9 claro que estava vivo em 2019, disse o advogado ao jornal \u201cExtra\u201d, do Rio de Janeiro. \u2014 contou o advogado.<\/p>\n","protected":false},"excerpt":{"rendered":"<p>N\u00e3o \u00e9 piada, ao contr\u00e1rio, \u00e9 muito s\u00e9rio. O advogado Michel Assef, de 74 anos, teve a aposentadoria suspensa, pois precisava provar que estava vivo para continuar a receber o benef\u00edcio. Seguiu a recomenda\u00e7\u00e3o do INSS, dirigindo-se \u00e0 uma ag\u00eancia da Caixa Econ\u00f4mica Federal para apresentar a prova de vida de 2020. No entanto, o [&hellip;]<\/p>\n","protected":false},"author":2,"featured_media":85286,"comment_status":"open","ping_status":"open","sticky":false,"template":"","format":"standard","meta":{"footnotes":"","_links_to":"","_links_to_target":""},"categories":[1],"tags":[],"class_list":["post-85283","post","type-post","status-publish","format-standard","has-post-thumbnail","hentry","category-geral"],"views":695,"_links":{"self":[{"href":"https:\/\/www.sudoestehoje.com.br\/novoportal\/wp-json\/wp\/v2\/posts\/85283","targetHints":{"allow":["GET"]}}],"collection":[{"href":"https:\/\/www.sudoestehoje.com.br\/novoportal\/wp-json\/wp\/v2\/posts"}],"about":[{"href":"https:\/\/www.sudoestehoje.com.br\/novoportal\/wp-json\/wp\/v2\/types\/post"}],"author":[{"embeddable":true,"href":"https:\/\/www.sudoestehoje.com.br\/novoportal\/wp-json\/wp\/v2\/users\/2"}],"replies":[{"embeddable":true,"href":"https:\/\/www.sudoestehoje.com.br\/novoportal\/wp-json\/wp\/v2\/comments?post=85283"}],"version-history":[{"count":3,"href":"https:\/\/www.sudoestehoje.com.br\/novoportal\/wp-json\/wp\/v2\/posts\/85283\/revisions"}],"predecessor-version":[{"id":85287,"href":"https:\/\/www.sudoestehoje.com.br\/novoportal\/wp-json\/wp\/v2\/posts\/85283\/revisions\/85287"}],"wp:featuredmedia":[{"embeddable":true,"href":"https:\/\/www.sudoestehoje.com.br\/novoportal\/wp-json\/wp\/v2\/media\/85286"}],"wp:attachment":[{"href":"https:\/\/www.sudoestehoje.com.br\/novoportal\/wp-json\/wp\/v2\/media?parent=85283"}],"wp:term":[{"taxonomy":"category","embeddable":true,"href":"https:\/\/www.sudoestehoje.com.br\/novoportal\/wp-json\/wp\/v2\/categories?post=85283"},{"taxonomy":"post_tag","embeddable":true,"href":"https:\/\/www.sudoestehoje.com.br\/novoportal\/wp-json\/wp\/v2\/tags?post=85283"}],"curies":[{"name":"wp","href":"https:\/\/api.w.org\/{rel}","templated":true}]}}