
{"id":85263,"date":"2020-03-09T17:54:20","date_gmt":"2020-03-09T20:54:20","guid":{"rendered":"https:\/\/www.sudoestehoje.com.br\/novoportal\/?p=85263"},"modified":"2020-03-10T00:04:04","modified_gmt":"2020-03-10T03:04:04","slug":"belas-e-brutas-maior-cavalgada-feminina-da-regiao-de-caatiba-movimenta-a-cidade","status":"publish","type":"post","link":"https:\/\/www.sudoestehoje.com.br\/novoportal\/2020\/03\/09\/belas-e-brutas-maior-cavalgada-feminina-da-regiao-de-caatiba-movimenta-a-cidade\/","title":{"rendered":"BELAS E BRUTAS: MAIOR CAVALGADA FEMININA DA REGI\u00c3O MOVIMENTA A CIDADE DE CAATIBA"},"content":{"rendered":"<p><a href=\"https:\/\/www.sudoestehoje.com.br\/novoportal\/wp-content\/uploads\/2020\/03\/cava-2.jpg\"><img loading=\"lazy\" decoding=\"async\" class=\"aligncenter size-medium wp-image-85265\" src=\"https:\/\/www.sudoestehoje.com.br\/novoportal\/wp-content\/uploads\/2020\/03\/cava-2-500x334.jpg\" alt=\"\" width=\"500\" height=\"334\" srcset=\"https:\/\/www.sudoestehoje.com.br\/novoportal\/wp-content\/uploads\/2020\/03\/cava-2-500x334.jpg 500w, https:\/\/www.sudoestehoje.com.br\/novoportal\/wp-content\/uploads\/2020\/03\/cava-2.jpg 768w, https:\/\/www.sudoestehoje.com.br\/novoportal\/wp-content\/uploads\/2020\/03\/cava-2-700x468.jpg 700w\" sizes=\"auto, (max-width: 500px) 100vw, 500px\" \/><\/a><\/p>\n<p>Criada a partir de um encontro de amigas, a cavalgada feminina, intitulada como \u201cBELAS E BRUTAS\u201d, marcou o domingo (8) no munic\u00edpio de Caatiba, momento propositalmente escolhido para fazer alus\u00e3o ao Dia Interacional da Mulher.<\/p>\n<p>O movimento que foi iniciado desde o s\u00e1bado, com festa na principal pra\u00e7a da cidade, j\u00e1 sinalizava a grandiosidade e organiza\u00e7\u00e3o do evento, para o dia seguinte.<\/p>\n<p><a href=\"https:\/\/www.sudoestehoje.com.br\/novoportal\/wp-content\/uploads\/2020\/03\/cava-4.jpg\"><img loading=\"lazy\" decoding=\"async\" class=\"aligncenter size-medium wp-image-85271\" src=\"https:\/\/www.sudoestehoje.com.br\/novoportal\/wp-content\/uploads\/2020\/03\/cava-4-500x334.jpg\" alt=\"\" width=\"500\" height=\"334\" srcset=\"https:\/\/www.sudoestehoje.com.br\/novoportal\/wp-content\/uploads\/2020\/03\/cava-4-500x334.jpg 500w, https:\/\/www.sudoestehoje.com.br\/novoportal\/wp-content\/uploads\/2020\/03\/cava-4-700x468.jpg 700w, https:\/\/www.sudoestehoje.com.br\/novoportal\/wp-content\/uploads\/2020\/03\/cava-4.jpg 720w\" sizes=\"auto, (max-width: 500px) 100vw, 500px\" \/><\/a><\/p>\n<p>A segunda edi\u00e7\u00e3o da Cavalgada Belas e Brutas reuniu em torno de 160 integrantes, que esbanjaram chame e simpatia, percorrendo as principais ruas da cidade, com destino a Fazenda Lapinha, local escolhido para que as Amazonas pudessem confraternizar.<\/p>\n<p>A divers\u00e3o foi garantida com show ao vivo com a Banda Coladinho A 2- Alan Vaqueiro, e com som automotivo, regada numa log\u00edstica que deixou todas as integrantes encantadas. Durante toda a movimenta\u00e7\u00e3o, ficou evidenciada alegria e a energia positiva que tomou conta do espa\u00e7o festivo e acolheu a comitiva em grande estilo.<\/p>\n<p><a href=\"https:\/\/www.sudoestehoje.com.br\/novoportal\/wp-content\/uploads\/2020\/03\/cava-9.jpg\"><img loading=\"lazy\" decoding=\"async\" class=\"aligncenter size-medium wp-image-85276\" src=\"https:\/\/www.sudoestehoje.com.br\/novoportal\/wp-content\/uploads\/2020\/03\/cava-9-500x334.jpg\" alt=\"\" width=\"500\" height=\"334\" srcset=\"https:\/\/www.sudoestehoje.com.br\/novoportal\/wp-content\/uploads\/2020\/03\/cava-9-500x334.jpg 500w, https:\/\/www.sudoestehoje.com.br\/novoportal\/wp-content\/uploads\/2020\/03\/cava-9.jpg 768w, https:\/\/www.sudoestehoje.com.br\/novoportal\/wp-content\/uploads\/2020\/03\/cava-9-700x468.jpg 700w\" sizes=\"auto, (max-width: 500px) 100vw, 500px\" \/><\/a><\/p>\n<p>O retorno das amazonas para cidade, que ocorreu ao final da tarde, foi acrescido de ve\u00edculos, o que atraiu olhares dos moradores, que puderam apreciar a maior cavalgada feminina j\u00e1 vista na regi\u00e3o.<\/p>\n<p>A comitiva encerrou o percurso na Pra\u00e7a Cl\u00e9riston Andrade com um novo show festivo, fechando com chave de ouro a bel\u00edssima Cavalgada das Belas e Brutas.<\/p>\n<p><a href=\"https:\/\/www.sudoestehoje.com.br\/novoportal\/wp-content\/uploads\/2020\/03\/cava-6.jpg\"><img loading=\"lazy\" decoding=\"async\" class=\"aligncenter size-medium wp-image-85273\" src=\"https:\/\/www.sudoestehoje.com.br\/novoportal\/wp-content\/uploads\/2020\/03\/cava-6-500x334.jpg\" alt=\"\" width=\"500\" height=\"334\" srcset=\"https:\/\/www.sudoestehoje.com.br\/novoportal\/wp-content\/uploads\/2020\/03\/cava-6-500x334.jpg 500w, https:\/\/www.sudoestehoje.com.br\/novoportal\/wp-content\/uploads\/2020\/03\/cava-6-700x468.jpg 700w, https:\/\/www.sudoestehoje.com.br\/novoportal\/wp-content\/uploads\/2020\/03\/cava-6.jpg 720w\" sizes=\"auto, (max-width: 500px) 100vw, 500px\" \/><\/a><\/p>\n<p>Segundo a comiss\u00e3o organizadora composta por Ariana Tavares, Hellen Lima e Luma de Oliveira, a cavalgada tomou propor\u00e7\u00f5es incr\u00edveis, visto a integra\u00e7\u00e3o entre mulheres e o vis\u00edvel\u00a0 interesse por movimentos campeiros,\u00a0 ganhando adeptas e deixando uma grande expectativa de uma nova edi\u00e7\u00e3o para 2021.<\/p>\n<p>Pelo visto a Cavalgada Feminina \u201cBelas e Brutas\u201d j\u00e1 est\u00e1 sendo vista como tradi\u00e7\u00e3o no munic\u00edpio de Caatiba. \/\/<strong><em>Reda\u00e7\u00e3o e imagens Adriana Nunes<\/em><\/strong><\/p>\n\n\t\t<style type=\"text\/css\">\n\t\t\t#gallery-1 {\n\t\t\t\tmargin: auto;\n\t\t\t}\n\t\t\t#gallery-1 .gallery-item {\n\t\t\t\tfloat: left;\n\t\t\t\tmargin-top: 10px;\n\t\t\t\ttext-align: center;\n\t\t\t\twidth: 33%;\n\t\t\t}\n\t\t\t#gallery-1 img {\n\t\t\t\tborder: 2px solid #cfcfcf;\n\t\t\t}\n\t\t\t#gallery-1 .gallery-caption {\n\t\t\t\tmargin-left: 0;\n\t\t\t}\n\t\t\t\/* see gallery_shortcode() in wp-includes\/media.php *\/\n\t\t<\/style>\n\t\t<div id='gallery-1' class='gallery galleryid-85263 gallery-columns-3 gallery-size-thumbnail'><dl class='gallery-item'>\n\t\t\t<dt class='gallery-icon landscape'>\n\t\t\t\t<a href='https:\/\/www.sudoestehoje.com.br\/novoportal\/2020\/03\/09\/belas-e-brutas-maior-cavalgada-feminina-da-regiao-de-caatiba-movimenta-a-cidade\/cava-7\/'><img loading=\"lazy\" decoding=\"async\" width=\"150\" height=\"150\" src=\"https:\/\/www.sudoestehoje.com.br\/novoportal\/wp-content\/uploads\/2020\/03\/cava-7-150x150.jpg\" class=\"attachment-thumbnail size-thumbnail\" alt=\"\" \/><\/a>\n\t\t\t<\/dt><\/dl><dl class='gallery-item'>\n\t\t\t<dt class='gallery-icon landscape'>\n\t\t\t\t<a href='https:\/\/www.sudoestehoje.com.br\/novoportal\/2020\/03\/09\/belas-e-brutas-maior-cavalgada-feminina-da-regiao-de-caatiba-movimenta-a-cidade\/cava-8\/'><img loading=\"lazy\" decoding=\"async\" width=\"150\" height=\"150\" src=\"https:\/\/www.sudoestehoje.com.br\/novoportal\/wp-content\/uploads\/2020\/03\/cava-8-150x150.jpg\" class=\"attachment-thumbnail size-thumbnail\" alt=\"\" \/><\/a>\n\t\t\t<\/dt><\/dl><dl class='gallery-item'>\n\t\t\t<dt class='gallery-icon landscape'>\n\t\t\t\t<a href='https:\/\/www.sudoestehoje.com.br\/novoportal\/2020\/03\/09\/belas-e-brutas-maior-cavalgada-feminina-da-regiao-de-caatiba-movimenta-a-cidade\/cava-10\/'><img loading=\"lazy\" decoding=\"async\" width=\"150\" height=\"150\" src=\"https:\/\/www.sudoestehoje.com.br\/novoportal\/wp-content\/uploads\/2020\/03\/cava-10-150x150.jpg\" class=\"attachment-thumbnail size-thumbnail\" alt=\"\" \/><\/a>\n\t\t\t<\/dt><\/dl><br style=\"clear: both\" \/><dl class='gallery-item'>\n\t\t\t<dt class='gallery-icon landscape'>\n\t\t\t\t<a href='https:\/\/www.sudoestehoje.com.br\/novoportal\/2020\/03\/09\/belas-e-brutas-maior-cavalgada-feminina-da-regiao-de-caatiba-movimenta-a-cidade\/cava-5\/'><img loading=\"lazy\" decoding=\"async\" width=\"150\" height=\"150\" src=\"https:\/\/www.sudoestehoje.com.br\/novoportal\/wp-content\/uploads\/2020\/03\/cava-5-150x150.jpg\" class=\"attachment-thumbnail size-thumbnail\" alt=\"\" \/><\/a>\n\t\t\t<\/dt><\/dl><dl class='gallery-item'>\n\t\t\t<dt class='gallery-icon landscape'>\n\t\t\t\t<a href='https:\/\/www.sudoestehoje.com.br\/novoportal\/2020\/03\/09\/belas-e-brutas-maior-cavalgada-feminina-da-regiao-de-caatiba-movimenta-a-cidade\/cava-3\/'><img loading=\"lazy\" decoding=\"async\" width=\"150\" height=\"150\" src=\"https:\/\/www.sudoestehoje.com.br\/novoportal\/wp-content\/uploads\/2020\/03\/cava-3-150x150.jpg\" class=\"attachment-thumbnail size-thumbnail\" alt=\"\" \/><\/a>\n\t\t\t<\/dt><\/dl><dl class='gallery-item'>\n\t\t\t<dt class='gallery-icon landscape'>\n\t\t\t\t<a href='https:\/\/www.sudoestehoje.com.br\/novoportal\/2020\/03\/09\/belas-e-brutas-maior-cavalgada-feminina-da-regiao-de-caatiba-movimenta-a-cidade\/cava-1\/'><img loading=\"lazy\" decoding=\"async\" width=\"150\" height=\"150\" src=\"https:\/\/www.sudoestehoje.com.br\/novoportal\/wp-content\/uploads\/2020\/03\/cava-1-150x150.jpg\" class=\"attachment-thumbnail size-thumbnail\" alt=\"\" \/><\/a>\n\t\t\t<\/dt><\/dl><br style=\"clear: both\" \/>\n\t\t<\/div>\n\n","protected":false},"excerpt":{"rendered":"<p>Criada a partir de um encontro de amigas, a cavalgada feminina, intitulada como \u201cBELAS E BRUTAS\u201d, marcou o domingo (8) no munic\u00edpio de Caatiba, momento propositalmente escolhido para fazer alus\u00e3o ao Dia Interacional da Mulher. O movimento que foi iniciado desde o s\u00e1bado, com festa na principal pra\u00e7a da cidade, j\u00e1 sinalizava a grandiosidade e [&hellip;]<\/p>\n","protected":false},"author":2,"featured_media":85265,"comment_status":"open","ping_status":"open","sticky":false,"template":"","format":"standard","meta":{"footnotes":"","_links_to":"","_links_to_target":""},"categories":[1],"tags":[],"class_list":["post-85263","post","type-post","status-publish","format-standard","has-post-thumbnail","hentry","category-geral"],"views":3261,"_links":{"self":[{"href":"https:\/\/www.sudoestehoje.com.br\/novoportal\/wp-json\/wp\/v2\/posts\/85263","targetHints":{"allow":["GET"]}}],"collection":[{"href":"https:\/\/www.sudoestehoje.com.br\/novoportal\/wp-json\/wp\/v2\/posts"}],"about":[{"href":"https:\/\/www.sudoestehoje.com.br\/novoportal\/wp-json\/wp\/v2\/types\/post"}],"author":[{"embeddable":true,"href":"https:\/\/www.sudoestehoje.com.br\/novoportal\/wp-json\/wp\/v2\/users\/2"}],"replies":[{"embeddable":true,"href":"https:\/\/www.sudoestehoje.com.br\/novoportal\/wp-json\/wp\/v2\/comments?post=85263"}],"version-history":[{"count":7,"href":"https:\/\/www.sudoestehoje.com.br\/novoportal\/wp-json\/wp\/v2\/posts\/85263\/revisions"}],"predecessor-version":[{"id":85293,"href":"https:\/\/www.sudoestehoje.com.br\/novoportal\/wp-json\/wp\/v2\/posts\/85263\/revisions\/85293"}],"wp:featuredmedia":[{"embeddable":true,"href":"https:\/\/www.sudoestehoje.com.br\/novoportal\/wp-json\/wp\/v2\/media\/85265"}],"wp:attachment":[{"href":"https:\/\/www.sudoestehoje.com.br\/novoportal\/wp-json\/wp\/v2\/media?parent=85263"}],"wp:term":[{"taxonomy":"category","embeddable":true,"href":"https:\/\/www.sudoestehoje.com.br\/novoportal\/wp-json\/wp\/v2\/categories?post=85263"},{"taxonomy":"post_tag","embeddable":true,"href":"https:\/\/www.sudoestehoje.com.br\/novoportal\/wp-json\/wp\/v2\/tags?post=85263"}],"curies":[{"name":"wp","href":"https:\/\/api.w.org\/{rel}","templated":true}]}}