
{"id":85254,"date":"2020-03-08T13:50:44","date_gmt":"2020-03-08T16:50:44","guid":{"rendered":"https:\/\/www.sudoestehoje.com.br\/novoportal\/?p=85254"},"modified":"2020-03-08T13:50:44","modified_gmt":"2020-03-08T16:50:44","slug":"rede-globo-resolve-adiar-materia-especial-sobre-aniversario-de-ronaldinho-gaucho","status":"publish","type":"post","link":"https:\/\/www.sudoestehoje.com.br\/novoportal\/2020\/03\/08\/rede-globo-resolve-adiar-materia-especial-sobre-aniversario-de-ronaldinho-gaucho\/","title":{"rendered":"REDE GLOBO RESOLVE ADIAR MAT\u00c9RIA ESPECIAL SOBRE ANIVERS\u00c1RIO DE RONALDINHO GA\u00daCHO"},"content":{"rendered":"<div class=\"texto\">\n<p><a href=\"https:\/\/www.sudoestehoje.com.br\/novoportal\/wp-content\/uploads\/2020\/03\/RONALDINHO-GAUCHO.jpg\"><img loading=\"lazy\" decoding=\"async\" class=\"aligncenter size-medium wp-image-85256\" src=\"https:\/\/www.sudoestehoje.com.br\/novoportal\/wp-content\/uploads\/2020\/03\/RONALDINHO-GAUCHO-500x335.jpg\" alt=\"\" width=\"500\" height=\"335\" srcset=\"https:\/\/www.sudoestehoje.com.br\/novoportal\/wp-content\/uploads\/2020\/03\/RONALDINHO-GAUCHO-500x335.jpg 500w, https:\/\/www.sudoestehoje.com.br\/novoportal\/wp-content\/uploads\/2020\/03\/RONALDINHO-GAUCHO.jpg 700w\" sizes=\"auto, (max-width: 500px) 100vw, 500px\" \/><\/a><\/p>\n<p>Ap\u00f3s uma indefini\u00e7\u00e3o, a Rede Globo decidiu adiar o programa especial em homenagem a Ronaldinho Ga\u00facho, que come\u00e7aria neste domingo. Os apresentadores do &#8220;Esporte Espetacular&#8221; afirmaram que a s\u00e9rie ser\u00e1 exibida nas pr\u00f3ximas semanas, por conta da pris\u00e3o do ex-jogador.<\/p>\n<p>&#8220;Bom, nessa semana a gente j\u00e1 ia come\u00e7ar a mostrar a hist\u00f3ria do g\u00eanio da bola Ronaldinho. Na hora que chamamos a s\u00e9rie que celebrava os 40 anos do craque, ele foi detido no Paraguai&#8221;, disse o apresentador Lucas Gutierrez.<\/p>\n<p>Carlos Barcellos anunciou que a s\u00e9rie exibida nas pr\u00f3ximas semanas. &#8220;Ainda vamos contar nas pr\u00f3ximas semanas a hist\u00f3ria do Ronaldinho, que ali no fim da carreira come\u00e7ou a se meter em confus\u00f5es fora de campo&#8221;, disse.<\/p>\n<p>Ronaldinho completa 40 anos neste m\u00eas e est\u00e1 preso no Paraguai ao lado do irm\u00e3o e empres\u00e1rio por conta de uma suposta falsifica\u00e7\u00e3o de documentos.<\/p>\n<\/div>\n","protected":false},"excerpt":{"rendered":"<p>Ap\u00f3s uma indefini\u00e7\u00e3o, a Rede Globo decidiu adiar o programa especial em homenagem a Ronaldinho Ga\u00facho, que come\u00e7aria neste domingo. Os apresentadores do &#8220;Esporte Espetacular&#8221; afirmaram que a s\u00e9rie ser\u00e1 exibida nas pr\u00f3ximas semanas, por conta da pris\u00e3o do ex-jogador. &#8220;Bom, nessa semana a gente j\u00e1 ia come\u00e7ar a mostrar a hist\u00f3ria do g\u00eanio da [&hellip;]<\/p>\n","protected":false},"author":2,"featured_media":85256,"comment_status":"open","ping_status":"open","sticky":false,"template":"","format":"standard","meta":{"footnotes":"","_links_to":"","_links_to_target":""},"categories":[1],"tags":[],"class_list":["post-85254","post","type-post","status-publish","format-standard","has-post-thumbnail","hentry","category-geral"],"views":800,"_links":{"self":[{"href":"https:\/\/www.sudoestehoje.com.br\/novoportal\/wp-json\/wp\/v2\/posts\/85254","targetHints":{"allow":["GET"]}}],"collection":[{"href":"https:\/\/www.sudoestehoje.com.br\/novoportal\/wp-json\/wp\/v2\/posts"}],"about":[{"href":"https:\/\/www.sudoestehoje.com.br\/novoportal\/wp-json\/wp\/v2\/types\/post"}],"author":[{"embeddable":true,"href":"https:\/\/www.sudoestehoje.com.br\/novoportal\/wp-json\/wp\/v2\/users\/2"}],"replies":[{"embeddable":true,"href":"https:\/\/www.sudoestehoje.com.br\/novoportal\/wp-json\/wp\/v2\/comments?post=85254"}],"version-history":[{"count":2,"href":"https:\/\/www.sudoestehoje.com.br\/novoportal\/wp-json\/wp\/v2\/posts\/85254\/revisions"}],"predecessor-version":[{"id":85257,"href":"https:\/\/www.sudoestehoje.com.br\/novoportal\/wp-json\/wp\/v2\/posts\/85254\/revisions\/85257"}],"wp:featuredmedia":[{"embeddable":true,"href":"https:\/\/www.sudoestehoje.com.br\/novoportal\/wp-json\/wp\/v2\/media\/85256"}],"wp:attachment":[{"href":"https:\/\/www.sudoestehoje.com.br\/novoportal\/wp-json\/wp\/v2\/media?parent=85254"}],"wp:term":[{"taxonomy":"category","embeddable":true,"href":"https:\/\/www.sudoestehoje.com.br\/novoportal\/wp-json\/wp\/v2\/categories?post=85254"},{"taxonomy":"post_tag","embeddable":true,"href":"https:\/\/www.sudoestehoje.com.br\/novoportal\/wp-json\/wp\/v2\/tags?post=85254"}],"curies":[{"name":"wp","href":"https:\/\/api.w.org\/{rel}","templated":true}]}}