
{"id":85233,"date":"2020-03-07T20:39:31","date_gmt":"2020-03-07T23:39:31","guid":{"rendered":"https:\/\/www.sudoestehoje.com.br\/novoportal\/?p=85233"},"modified":"2020-03-07T20:39:31","modified_gmt":"2020-03-07T23:39:31","slug":"sesab-confirma-2o-caso-de-coronavirus-na-bahia-tambem-em-feira-de-santana","status":"publish","type":"post","link":"https:\/\/www.sudoestehoje.com.br\/novoportal\/2020\/03\/07\/sesab-confirma-2o-caso-de-coronavirus-na-bahia-tambem-em-feira-de-santana\/","title":{"rendered":"SESAB CONFIRMA 2\u00ba CASO DE CORONAV\u00cdRUS NA BAHIA, TAMB\u00c9M EM FEIRA DE SANTANA"},"content":{"rendered":"<p><a href=\"https:\/\/www.sudoestehoje.com.br\/novoportal\/wp-content\/uploads\/2020\/03\/COVID-19.jpg\"><img loading=\"lazy\" decoding=\"async\" class=\"aligncenter size-medium wp-image-85236\" src=\"https:\/\/www.sudoestehoje.com.br\/novoportal\/wp-content\/uploads\/2020\/03\/COVID-19-500x235.jpg\" alt=\"\" width=\"500\" height=\"235\" srcset=\"https:\/\/www.sudoestehoje.com.br\/novoportal\/wp-content\/uploads\/2020\/03\/COVID-19-500x235.jpg 500w, https:\/\/www.sudoestehoje.com.br\/novoportal\/wp-content\/uploads\/2020\/03\/COVID-19-768x361.jpg 768w, https:\/\/www.sudoestehoje.com.br\/novoportal\/wp-content\/uploads\/2020\/03\/COVID-19-700x329.jpg 700w, https:\/\/www.sudoestehoje.com.br\/novoportal\/wp-content\/uploads\/2020\/03\/COVID-19.jpg 1600w\" sizes=\"auto, (max-width: 500px) 100vw, 500px\" \/><\/a><\/p>\n<p>A Secretaria da Sa\u00fade do Estado da Bahia (Sesab) informou, na tarde deste s\u00e1bado (7), que est\u00e1 confirmado o segundo caso de novo coronav\u00edrus no estado da Bahia.<\/p>\n<p>A Sesab disse que a paciente \u00e9 uma mulher de 42 anos, empregada dom\u00e9stica, moradora de Feira de Santana, que teve contato domiciliar com a primeira paciente do estado, quando ainda estava sintom\u00e1tica.<\/p>\n<p>A paciente est\u00e1 em casa, na cidade de Feira de Santana, em isolamento. Como deixou de apresentar os sintomas, o quadro dela \u00e9 considerado\u00a0assintom\u00e1tico.<\/p>\n<p>O monitoramento \u00e9 realizado pelo Centro de Informa\u00e7\u00f5es Estrat\u00e9gicas em Vigil\u00e2ncia em Sa\u00fade da Bahia (Cievs-BA) em conjunto com a vigil\u00e2ncia municipal de Feira de Santana.<\/p>\n","protected":false},"excerpt":{"rendered":"<p>A Secretaria da Sa\u00fade do Estado da Bahia (Sesab) informou, na tarde deste s\u00e1bado (7), que est\u00e1 confirmado o segundo caso de novo coronav\u00edrus no estado da Bahia. A Sesab disse que a paciente \u00e9 uma mulher de 42 anos, empregada dom\u00e9stica, moradora de Feira de Santana, que teve contato domiciliar com a primeira paciente [&hellip;]<\/p>\n","protected":false},"author":2,"featured_media":85236,"comment_status":"open","ping_status":"open","sticky":false,"template":"","format":"standard","meta":{"footnotes":"","_links_to":"","_links_to_target":""},"categories":[1],"tags":[],"class_list":["post-85233","post","type-post","status-publish","format-standard","has-post-thumbnail","hentry","category-geral"],"views":672,"_links":{"self":[{"href":"https:\/\/www.sudoestehoje.com.br\/novoportal\/wp-json\/wp\/v2\/posts\/85233","targetHints":{"allow":["GET"]}}],"collection":[{"href":"https:\/\/www.sudoestehoje.com.br\/novoportal\/wp-json\/wp\/v2\/posts"}],"about":[{"href":"https:\/\/www.sudoestehoje.com.br\/novoportal\/wp-json\/wp\/v2\/types\/post"}],"author":[{"embeddable":true,"href":"https:\/\/www.sudoestehoje.com.br\/novoportal\/wp-json\/wp\/v2\/users\/2"}],"replies":[{"embeddable":true,"href":"https:\/\/www.sudoestehoje.com.br\/novoportal\/wp-json\/wp\/v2\/comments?post=85233"}],"version-history":[{"count":4,"href":"https:\/\/www.sudoestehoje.com.br\/novoportal\/wp-json\/wp\/v2\/posts\/85233\/revisions"}],"predecessor-version":[{"id":85238,"href":"https:\/\/www.sudoestehoje.com.br\/novoportal\/wp-json\/wp\/v2\/posts\/85233\/revisions\/85238"}],"wp:featuredmedia":[{"embeddable":true,"href":"https:\/\/www.sudoestehoje.com.br\/novoportal\/wp-json\/wp\/v2\/media\/85236"}],"wp:attachment":[{"href":"https:\/\/www.sudoestehoje.com.br\/novoportal\/wp-json\/wp\/v2\/media?parent=85233"}],"wp:term":[{"taxonomy":"category","embeddable":true,"href":"https:\/\/www.sudoestehoje.com.br\/novoportal\/wp-json\/wp\/v2\/categories?post=85233"},{"taxonomy":"post_tag","embeddable":true,"href":"https:\/\/www.sudoestehoje.com.br\/novoportal\/wp-json\/wp\/v2\/tags?post=85233"}],"curies":[{"name":"wp","href":"https:\/\/api.w.org\/{rel}","templated":true}]}}