
{"id":8523,"date":"2011-09-11T13:03:09","date_gmt":"2011-09-11T16:03:09","guid":{"rendered":"http:\/\/www.sudoestehoje.com.br\/novoportal\/?p=8523"},"modified":"2011-09-11T18:27:55","modified_gmt":"2011-09-11T21:27:55","slug":"encruzilhada-alcides-ferraz-e-pre-candidato-a-prefeito-pelo-pt","status":"publish","type":"post","link":"https:\/\/www.sudoestehoje.com.br\/novoportal\/2011\/09\/11\/encruzilhada-alcides-ferraz-e-pre-candidato-a-prefeito-pelo-pt\/","title":{"rendered":"ENCRUZILHADA: ALCIDES FERRAZ \u00c9 PR\u00c9-CANDIDATO A PREFEITO PELO PT"},"content":{"rendered":"<p style=\"text-align: center;\"><img decoding=\"async\" class=\"aligncenter\" src=\"http:\/\/www.blogdoanderson.com\/v2\/wp-content\/uploads\/DSC_0066-1.jpg\" alt=\"\" width=\"400\" \/><\/p>\n<p>Ao lado da prefeita Ivani Andrade, Ant\u00f4nio Cosmo e Paulo Mauricio, o m\u00e9dico Alcides Ferraz vem sendo apontado como pr\u00e9-candidatos a prefeito de Encruzilhada. Em entrevista ao Blog do Anderson, Alcides disse que a atual administra\u00e7\u00e3o da prefeita Ivani Andrade est\u00e1 lastim\u00e1vel, e sem d\u00favidas a popula\u00e7\u00e3o estar\u00e1 respondendo nas urnas nas pr\u00f3ximas elei\u00e7\u00f5es municipais de 2012.\u00a0<em>\u201cAssim como em quase todo o Brasil, a C\u00e2mara de Encruzilhada fica com quem est\u00e1 no poder, e Ivani tem o controle do Legislativo\u201d,<\/em>criticou o petista.\u00a0<em> \u201cDe acordo com a popula\u00e7\u00e3o lastim\u00e1vel, mas quem mais sabe sobre administra\u00e7\u00e3o \u00e9 a popula\u00e7\u00e3o. No meu modo de ver, quem tem que responder s\u00e3o os eleitores em 2012. Eles dar\u00e3o respostas se a administra\u00e7\u00e3o \u00e9 boa ou n\u00e3o\u201d,<\/em> avaliou a gest\u00e3o da prefeita Ivani. Melhorias na sa\u00fade p\u00fablica, pagamento de sal\u00e1rios em dia s\u00e3o uma das principais reclama\u00e7\u00f5es dos encruzilhadenses, e que, de acordo com o m\u00e9dico Alcides, receber\u00e1 aten\u00e7\u00e3o especial do projeto petista.<\/p>\n","protected":false},"excerpt":{"rendered":"<p>Ao lado da prefeita Ivani Andrade, Ant\u00f4nio Cosmo e Paulo Mauricio, o m\u00e9dico Alcides Ferraz vem sendo apontado como pr\u00e9-candidatos a prefeito de Encruzilhada. Em entrevista ao Blog do Anderson, Alcides disse que a atual administra\u00e7\u00e3o da prefeita Ivani Andrade est\u00e1 lastim\u00e1vel, e sem d\u00favidas a popula\u00e7\u00e3o estar\u00e1 respondendo nas urnas nas pr\u00f3ximas elei\u00e7\u00f5es municipais [&hellip;]<\/p>\n","protected":false},"author":2,"featured_media":0,"comment_status":"open","ping_status":"open","sticky":false,"template":"","format":"standard","meta":{"footnotes":"","_links_to":"","_links_to_target":""},"categories":[1],"tags":[],"class_list":["post-8523","post","type-post","status-publish","format-standard","hentry","category-geral"],"views":1317,"_links":{"self":[{"href":"https:\/\/www.sudoestehoje.com.br\/novoportal\/wp-json\/wp\/v2\/posts\/8523","targetHints":{"allow":["GET"]}}],"collection":[{"href":"https:\/\/www.sudoestehoje.com.br\/novoportal\/wp-json\/wp\/v2\/posts"}],"about":[{"href":"https:\/\/www.sudoestehoje.com.br\/novoportal\/wp-json\/wp\/v2\/types\/post"}],"author":[{"embeddable":true,"href":"https:\/\/www.sudoestehoje.com.br\/novoportal\/wp-json\/wp\/v2\/users\/2"}],"replies":[{"embeddable":true,"href":"https:\/\/www.sudoestehoje.com.br\/novoportal\/wp-json\/wp\/v2\/comments?post=8523"}],"version-history":[{"count":5,"href":"https:\/\/www.sudoestehoje.com.br\/novoportal\/wp-json\/wp\/v2\/posts\/8523\/revisions"}],"predecessor-version":[{"id":8526,"href":"https:\/\/www.sudoestehoje.com.br\/novoportal\/wp-json\/wp\/v2\/posts\/8523\/revisions\/8526"}],"wp:attachment":[{"href":"https:\/\/www.sudoestehoje.com.br\/novoportal\/wp-json\/wp\/v2\/media?parent=8523"}],"wp:term":[{"taxonomy":"category","embeddable":true,"href":"https:\/\/www.sudoestehoje.com.br\/novoportal\/wp-json\/wp\/v2\/categories?post=8523"},{"taxonomy":"post_tag","embeddable":true,"href":"https:\/\/www.sudoestehoje.com.br\/novoportal\/wp-json\/wp\/v2\/tags?post=8523"}],"curies":[{"name":"wp","href":"https:\/\/api.w.org\/{rel}","templated":true}]}}