
{"id":85227,"date":"2020-03-07T14:04:59","date_gmt":"2020-03-07T17:04:59","guid":{"rendered":"https:\/\/www.sudoestehoje.com.br\/novoportal\/?p=85227"},"modified":"2020-03-07T14:23:08","modified_gmt":"2020-03-07T17:23:08","slug":"urgente-morre-em-itapetinga-cicero-alencar-ex-prefeito-de-itarantim-e-irmao-do-senador-otto-alencar","status":"publish","type":"post","link":"https:\/\/www.sudoestehoje.com.br\/novoportal\/2020\/03\/07\/urgente-morre-em-itapetinga-cicero-alencar-ex-prefeito-de-itarantim-e-irmao-do-senador-otto-alencar\/","title":{"rendered":"URGENTE! MORRE EM ITAPETINGA C\u00cdCERO ALENCAR, EX-PREFEITO DE ITARANTIM E IRM\u00c3O DO SENADOR OTTO ALENCAR"},"content":{"rendered":"<p><a href=\"https:\/\/www.sudoestehoje.com.br\/novoportal\/wp-content\/uploads\/2020\/03\/c\u00edcero.jpg\"><img loading=\"lazy\" decoding=\"async\" class=\"aligncenter size-medium wp-image-85228\" src=\"https:\/\/www.sudoestehoje.com.br\/novoportal\/wp-content\/uploads\/2020\/03\/c\u00edcero-500x333.jpg\" alt=\"\" width=\"500\" height=\"333\" srcset=\"https:\/\/www.sudoestehoje.com.br\/novoportal\/wp-content\/uploads\/2020\/03\/c\u00edcero-500x333.jpg 500w, https:\/\/www.sudoestehoje.com.br\/novoportal\/wp-content\/uploads\/2020\/03\/c\u00edcero-768x512.jpg 768w, https:\/\/www.sudoestehoje.com.br\/novoportal\/wp-content\/uploads\/2020\/03\/c\u00edcero-700x467.jpg 700w, https:\/\/www.sudoestehoje.com.br\/novoportal\/wp-content\/uploads\/2020\/03\/c\u00edcero.jpg 1440w\" sizes=\"auto, (max-width: 500px) 100vw, 500px\" \/><\/a><\/p>\n<p>Acaba de falecer em sua resid\u00eancia, v\u00edtima de um infarto fulminante, o pecuarista ex-prefeito de Itarantim, C\u00edcero Alencar, irm\u00e3o do senador da rep\u00fablica, Otto Alencar (PSD).<\/p>\n<p>Ciss\u00e3o, como era conhecido entre amigos, estava almo\u00e7ando em sua resid\u00eancia, quando ocorreu o ataque card\u00edaco que retirou a sua vida, de forma instant\u00e2nea.<\/p>\n<p>Familiares e amigos chamaram o SAMU-192 para prestar socorro, mas quando a equipe chegou \u00e0 sua resid\u00eancia, o corpo j\u00e1 se encontrava sem vida. Mesmo assim, os socorristas tentaram reanim\u00e1-lo atrav\u00e9s dos procedimentos adequados, por\u00e9m sem sucesso.<\/p>\n<p>O Sudoeste Hoje, atrav\u00e9s do seu editor, manifesta o seu mais profundo pesar pela perda do grande amigo C\u00edcero, estendendo as suas condol\u00eancias \u00e0 fam\u00edlia enlutada e amigos.<\/p>\n<p><strong>O corpo ser\u00e1 liberado pelo IML \u00e0s 19h, seguindo para Salvador, onde ser\u00e1 sepultado.<\/strong><\/p>\n<p><strong><em>Davi Ferraz &#8211; Editor<\/em><\/strong><\/p>\n","protected":false},"excerpt":{"rendered":"<p>Acaba de falecer em sua resid\u00eancia, v\u00edtima de um infarto fulminante, o pecuarista ex-prefeito de Itarantim, C\u00edcero Alencar, irm\u00e3o do senador da rep\u00fablica, Otto Alencar (PSD). Ciss\u00e3o, como era conhecido entre amigos, estava almo\u00e7ando em sua resid\u00eancia, quando ocorreu o ataque card\u00edaco que retirou a sua vida, de forma instant\u00e2nea. Familiares e amigos chamaram o [&hellip;]<\/p>\n","protected":false},"author":2,"featured_media":85228,"comment_status":"open","ping_status":"open","sticky":false,"template":"","format":"standard","meta":{"footnotes":"","_links_to":"","_links_to_target":""},"categories":[1],"tags":[],"class_list":["post-85227","post","type-post","status-publish","format-standard","has-post-thumbnail","hentry","category-geral"],"views":1503,"_links":{"self":[{"href":"https:\/\/www.sudoestehoje.com.br\/novoportal\/wp-json\/wp\/v2\/posts\/85227","targetHints":{"allow":["GET"]}}],"collection":[{"href":"https:\/\/www.sudoestehoje.com.br\/novoportal\/wp-json\/wp\/v2\/posts"}],"about":[{"href":"https:\/\/www.sudoestehoje.com.br\/novoportal\/wp-json\/wp\/v2\/types\/post"}],"author":[{"embeddable":true,"href":"https:\/\/www.sudoestehoje.com.br\/novoportal\/wp-json\/wp\/v2\/users\/2"}],"replies":[{"embeddable":true,"href":"https:\/\/www.sudoestehoje.com.br\/novoportal\/wp-json\/wp\/v2\/comments?post=85227"}],"version-history":[{"count":4,"href":"https:\/\/www.sudoestehoje.com.br\/novoportal\/wp-json\/wp\/v2\/posts\/85227\/revisions"}],"predecessor-version":[{"id":85232,"href":"https:\/\/www.sudoestehoje.com.br\/novoportal\/wp-json\/wp\/v2\/posts\/85227\/revisions\/85232"}],"wp:featuredmedia":[{"embeddable":true,"href":"https:\/\/www.sudoestehoje.com.br\/novoportal\/wp-json\/wp\/v2\/media\/85228"}],"wp:attachment":[{"href":"https:\/\/www.sudoestehoje.com.br\/novoportal\/wp-json\/wp\/v2\/media?parent=85227"}],"wp:term":[{"taxonomy":"category","embeddable":true,"href":"https:\/\/www.sudoestehoje.com.br\/novoportal\/wp-json\/wp\/v2\/categories?post=85227"},{"taxonomy":"post_tag","embeddable":true,"href":"https:\/\/www.sudoestehoje.com.br\/novoportal\/wp-json\/wp\/v2\/tags?post=85227"}],"curies":[{"name":"wp","href":"https:\/\/api.w.org\/{rel}","templated":true}]}}