
{"id":85220,"date":"2020-03-07T09:06:25","date_gmt":"2020-03-07T12:06:25","guid":{"rendered":"https:\/\/www.sudoestehoje.com.br\/novoportal\/?p=85220"},"modified":"2020-03-07T09:14:27","modified_gmt":"2020-03-07T12:14:27","slug":"macarani-prefeito-miller-ferraz-promove-grande-evento-para-apresentar-antonio-brito-como-seu-novo-deputado","status":"publish","type":"post","link":"https:\/\/www.sudoestehoje.com.br\/novoportal\/2020\/03\/07\/macarani-prefeito-miller-ferraz-promove-grande-evento-para-apresentar-antonio-brito-como-seu-novo-deputado\/","title":{"rendered":"MACARANI: PREFEITO MILLER FERRAZ PROMOVE GRANDE EVENTO PARA APRESENTAR ANT\u00d4NIO BRITO COMO SEU NOVO DEPUTADO"},"content":{"rendered":"<p><a href=\"https:\/\/www.sudoestehoje.com.br\/novoportal\/wp-content\/uploads\/2020\/03\/brito-e-miller-1.jpg\"><img loading=\"lazy\" decoding=\"async\" class=\"aligncenter size-medium wp-image-85215\" src=\"https:\/\/www.sudoestehoje.com.br\/novoportal\/wp-content\/uploads\/2020\/03\/brito-e-miller-1-500x333.jpg\" alt=\"\" width=\"500\" height=\"333\" srcset=\"https:\/\/www.sudoestehoje.com.br\/novoportal\/wp-content\/uploads\/2020\/03\/brito-e-miller-1-500x333.jpg 500w, https:\/\/www.sudoestehoje.com.br\/novoportal\/wp-content\/uploads\/2020\/03\/brito-e-miller-1-768x512.jpg 768w, https:\/\/www.sudoestehoje.com.br\/novoportal\/wp-content\/uploads\/2020\/03\/brito-e-miller-1-700x466.jpg 700w, https:\/\/www.sudoestehoje.com.br\/novoportal\/wp-content\/uploads\/2020\/03\/brito-e-miller-1.jpg 1280w\" sizes=\"auto, (max-width: 500px) 100vw, 500px\" \/><\/a><\/p>\n<p>O deputado federal Ant\u00f4nio Brito visitou, nesta sexta-feira (6), o munic\u00edpio de Macarani. Ele foi recepcionado pelo prefeito Dr. Miller Ferraz e a primeira dama Emanuelle Sodr\u00e9, o ex-prefeito Carlinhos, secret\u00e1rios municipais, sete vereadores e lideran\u00e7as pol\u00edticas no s\u00edtio do ex-presidente da C\u00e2mara Municipal Parm\u00eanio Lima.<\/p>\n<p><a href=\"https:\/\/www.sudoestehoje.com.br\/novoportal\/wp-content\/uploads\/2020\/03\/brito-macarani.jpg\"><img loading=\"lazy\" decoding=\"async\" class=\"aligncenter size-medium wp-image-85222\" src=\"https:\/\/www.sudoestehoje.com.br\/novoportal\/wp-content\/uploads\/2020\/03\/brito-macarani-500x375.jpg\" alt=\"\" width=\"500\" height=\"375\" srcset=\"https:\/\/www.sudoestehoje.com.br\/novoportal\/wp-content\/uploads\/2020\/03\/brito-macarani-500x375.jpg 500w, https:\/\/www.sudoestehoje.com.br\/novoportal\/wp-content\/uploads\/2020\/03\/brito-macarani-768x576.jpg 768w, https:\/\/www.sudoestehoje.com.br\/novoportal\/wp-content\/uploads\/2020\/03\/brito-macarani-700x525.jpg 700w, https:\/\/www.sudoestehoje.com.br\/novoportal\/wp-content\/uploads\/2020\/03\/brito-macarani.jpg 1280w\" sizes=\"auto, (max-width: 500px) 100vw, 500px\" \/><\/a><\/p>\n<p>Ap\u00f3s articula\u00e7\u00e3o do advogado Leonardo Matos, o grupo pol\u00edtico liderado por Dr. Miller promoveu um grande encontro para recepcionar o novo representante de Macarani na C\u00e2mara de Deputados.<\/p>\n<p><a href=\"https:\/\/www.sudoestehoje.com.br\/novoportal\/wp-content\/uploads\/2020\/03\/brito-macarani-1.jpg\"><img loading=\"lazy\" decoding=\"async\" class=\"aligncenter size-medium wp-image-85224\" src=\"https:\/\/www.sudoestehoje.com.br\/novoportal\/wp-content\/uploads\/2020\/03\/brito-macarani-1-500x375.jpg\" alt=\"\" width=\"500\" height=\"375\" srcset=\"https:\/\/www.sudoestehoje.com.br\/novoportal\/wp-content\/uploads\/2020\/03\/brito-macarani-1-500x375.jpg 500w, https:\/\/www.sudoestehoje.com.br\/novoportal\/wp-content\/uploads\/2020\/03\/brito-macarani-1-768x576.jpg 768w, https:\/\/www.sudoestehoje.com.br\/novoportal\/wp-content\/uploads\/2020\/03\/brito-macarani-1-700x525.jpg 700w, https:\/\/www.sudoestehoje.com.br\/novoportal\/wp-content\/uploads\/2020\/03\/brito-macarani-1.jpg 1280w\" sizes=\"auto, (max-width: 500px) 100vw, 500px\" \/><\/a><\/p>\n<p>APOIO DO EX-PREFEITO CARLINHOS<\/p>\n<p>presente ao evento, o ex-prefeito Carlinho tamb\u00e9m manifestou o seu apoio ao deputado Ant\u00f4nio Brito, numa demonstra\u00e7\u00e3o de que o grupo que lidera ao lado do prefeito Miller Ferraz est\u00e1 coeso.<\/p>\n<p><a href=\"https:\/\/www.sudoestehoje.com.br\/novoportal\/wp-content\/uploads\/2020\/03\/brito-e-carlinhos.jpg\"><img loading=\"lazy\" decoding=\"async\" class=\"aligncenter size-medium wp-image-85217\" src=\"https:\/\/www.sudoestehoje.com.br\/novoportal\/wp-content\/uploads\/2020\/03\/brito-e-carlinhos-500x375.jpg\" alt=\"\" width=\"500\" height=\"375\" srcset=\"https:\/\/www.sudoestehoje.com.br\/novoportal\/wp-content\/uploads\/2020\/03\/brito-e-carlinhos-500x375.jpg 500w, https:\/\/www.sudoestehoje.com.br\/novoportal\/wp-content\/uploads\/2020\/03\/brito-e-carlinhos-768x576.jpg 768w, https:\/\/www.sudoestehoje.com.br\/novoportal\/wp-content\/uploads\/2020\/03\/brito-e-carlinhos-700x525.jpg 700w, https:\/\/www.sudoestehoje.com.br\/novoportal\/wp-content\/uploads\/2020\/03\/brito-e-carlinhos.jpg 1280w\" sizes=\"auto, (max-width: 500px) 100vw, 500px\" \/><\/a><\/p>\n<p>Na oportunidade, o prefeito Dr. Miller confirmou a alian\u00e7a com Ant\u00f4nio Brito e enalteceu a sua luta na C\u00e2mara Federal, principalmente pela bandeira da sa\u00fade.<\/p>\n<p><a href=\"https:\/\/www.sudoestehoje.com.br\/novoportal\/wp-content\/uploads\/2020\/03\/brito-macarani-3.jpg\"><img loading=\"lazy\" decoding=\"async\" class=\"aligncenter size-medium wp-image-85225\" src=\"https:\/\/www.sudoestehoje.com.br\/novoportal\/wp-content\/uploads\/2020\/03\/brito-macarani-3-500x375.jpg\" alt=\"\" width=\"500\" height=\"375\" srcset=\"https:\/\/www.sudoestehoje.com.br\/novoportal\/wp-content\/uploads\/2020\/03\/brito-macarani-3-500x375.jpg 500w, https:\/\/www.sudoestehoje.com.br\/novoportal\/wp-content\/uploads\/2020\/03\/brito-macarani-3-768x576.jpg 768w, https:\/\/www.sudoestehoje.com.br\/novoportal\/wp-content\/uploads\/2020\/03\/brito-macarani-3-700x525.jpg 700w, https:\/\/www.sudoestehoje.com.br\/novoportal\/wp-content\/uploads\/2020\/03\/brito-macarani-3.jpg 1280w\" sizes=\"auto, (max-width: 500px) 100vw, 500px\" \/><\/a><\/p>\n<p>J\u00e1 o deputado federal Ant\u00f4nio Brito confirmou a destina\u00e7\u00e3o de uma emenda parlamentar no valor de R$300 mil que ser\u00e1 indicada para a Sa\u00fade e o apoio, juntamente com deputado estadual Fabr\u00edcio Falc\u00e3o, aos projetos e a\u00e7\u00f5es a serem desenvolvidos no munic\u00edpio.<\/p>\n<p><strong><em>Reda\u00e7\u00e3o SH<\/em><\/strong><\/p>\n","protected":false},"excerpt":{"rendered":"<p>O deputado federal Ant\u00f4nio Brito visitou, nesta sexta-feira (6), o munic\u00edpio de Macarani. Ele foi recepcionado pelo prefeito Dr. Miller Ferraz e a primeira dama Emanuelle Sodr\u00e9, o ex-prefeito Carlinhos, secret\u00e1rios municipais, sete vereadores e lideran\u00e7as pol\u00edticas no s\u00edtio do ex-presidente da C\u00e2mara Municipal Parm\u00eanio Lima. Ap\u00f3s articula\u00e7\u00e3o do advogado Leonardo Matos, o grupo pol\u00edtico [&hellip;]<\/p>\n","protected":false},"author":2,"featured_media":85215,"comment_status":"open","ping_status":"open","sticky":false,"template":"","format":"standard","meta":{"footnotes":"","_links_to":"","_links_to_target":""},"categories":[1],"tags":[],"class_list":["post-85220","post","type-post","status-publish","format-standard","has-post-thumbnail","hentry","category-geral"],"views":795,"_links":{"self":[{"href":"https:\/\/www.sudoestehoje.com.br\/novoportal\/wp-json\/wp\/v2\/posts\/85220","targetHints":{"allow":["GET"]}}],"collection":[{"href":"https:\/\/www.sudoestehoje.com.br\/novoportal\/wp-json\/wp\/v2\/posts"}],"about":[{"href":"https:\/\/www.sudoestehoje.com.br\/novoportal\/wp-json\/wp\/v2\/types\/post"}],"author":[{"embeddable":true,"href":"https:\/\/www.sudoestehoje.com.br\/novoportal\/wp-json\/wp\/v2\/users\/2"}],"replies":[{"embeddable":true,"href":"https:\/\/www.sudoestehoje.com.br\/novoportal\/wp-json\/wp\/v2\/comments?post=85220"}],"version-history":[{"count":2,"href":"https:\/\/www.sudoestehoje.com.br\/novoportal\/wp-json\/wp\/v2\/posts\/85220\/revisions"}],"predecessor-version":[{"id":85226,"href":"https:\/\/www.sudoestehoje.com.br\/novoportal\/wp-json\/wp\/v2\/posts\/85220\/revisions\/85226"}],"wp:featuredmedia":[{"embeddable":true,"href":"https:\/\/www.sudoestehoje.com.br\/novoportal\/wp-json\/wp\/v2\/media\/85215"}],"wp:attachment":[{"href":"https:\/\/www.sudoestehoje.com.br\/novoportal\/wp-json\/wp\/v2\/media?parent=85220"}],"wp:term":[{"taxonomy":"category","embeddable":true,"href":"https:\/\/www.sudoestehoje.com.br\/novoportal\/wp-json\/wp\/v2\/categories?post=85220"},{"taxonomy":"post_tag","embeddable":true,"href":"https:\/\/www.sudoestehoje.com.br\/novoportal\/wp-json\/wp\/v2\/tags?post=85220"}],"curies":[{"name":"wp","href":"https:\/\/api.w.org\/{rel}","templated":true}]}}