
{"id":85207,"date":"2020-03-06T14:54:35","date_gmt":"2020-03-06T17:54:35","guid":{"rendered":"https:\/\/www.sudoestehoje.com.br\/novoportal\/?p=85207"},"modified":"2020-03-06T14:54:35","modified_gmt":"2020-03-06T17:54:35","slug":"com-apoio-de-antonio-brito-fundacao-jose-silveira-promovera-feiras-de-saude-em-itapetinga-e-regiao","status":"publish","type":"post","link":"https:\/\/www.sudoestehoje.com.br\/novoportal\/2020\/03\/06\/com-apoio-de-antonio-brito-fundacao-jose-silveira-promovera-feiras-de-saude-em-itapetinga-e-regiao\/","title":{"rendered":"COM APOIO DE ANT\u00d4NIO BRITO, FUNDA\u00c7\u00c3O JOS\u00c9 SILVEIRA PROMOVER\u00c1 FEIRAS DE SA\u00daDE EM ITAPETINGA E REGI\u00c3O"},"content":{"rendered":"<p><a href=\"https:\/\/www.sudoestehoje.com.br\/novoportal\/wp-content\/uploads\/2020\/03\/FEIRA-SAUDE-111.jpg\"><img loading=\"lazy\" decoding=\"async\" class=\"aligncenter size-medium wp-image-85208\" src=\"https:\/\/www.sudoestehoje.com.br\/novoportal\/wp-content\/uploads\/2020\/03\/FEIRA-SAUDE-111-500x484.jpg\" alt=\"\" width=\"500\" height=\"484\" srcset=\"https:\/\/www.sudoestehoje.com.br\/novoportal\/wp-content\/uploads\/2020\/03\/FEIRA-SAUDE-111-500x484.jpg 500w, https:\/\/www.sudoestehoje.com.br\/novoportal\/wp-content\/uploads\/2020\/03\/FEIRA-SAUDE-111.jpg 640w\" sizes=\"auto, (max-width: 500px) 100vw, 500px\" \/><\/a><\/p>\n<p>A Funda\u00e7\u00e3o Jos\u00e9 Silveira &#8211; FJS inicia na pr\u00f3xima segunda-feira (9), no munic\u00edpio de Santa Cruz da Vit\u00f3ria, o primeiro ciclo de Feiras de Sa\u00fade do ano de 2020, no Territ\u00f3rio do M\u00e9dio Sudoeste do Estado.<\/p>\n<p>De acordo com a coordenadora geral da FJS em Itapetinga, Ana B\u00e1rbara Matos, ser\u00e3o realizadas consultas m\u00e9dicas em diversas especialidades e exames gratuitos, como: Mamografia, Preventivo Ginecol\u00f3gico, Raio-X, Ultrassom, \u201cContamos mais uma vez com a participa\u00e7\u00e3o da comunidade\u201d, afirmou.<\/p>\n<p><a href=\"https:\/\/www.sudoestehoje.com.br\/novoportal\/wp-content\/uploads\/2020\/03\/FEIRA-SAUDE-222.jpg\"><img loading=\"lazy\" decoding=\"async\" class=\"aligncenter size-medium wp-image-85209\" src=\"https:\/\/www.sudoestehoje.com.br\/novoportal\/wp-content\/uploads\/2020\/03\/FEIRA-SAUDE-222-500x375.jpg\" alt=\"\" width=\"500\" height=\"375\" srcset=\"https:\/\/www.sudoestehoje.com.br\/novoportal\/wp-content\/uploads\/2020\/03\/FEIRA-SAUDE-222-500x375.jpg 500w, https:\/\/www.sudoestehoje.com.br\/novoportal\/wp-content\/uploads\/2020\/03\/FEIRA-SAUDE-222.jpg 640w\" sizes=\"auto, (max-width: 500px) 100vw, 500px\" \/><\/a><\/p>\n<p>Com o apoio do presidente da Frente Parlamentar das Santas Casas, o deputado federal Ant\u00f4nio Brito, as Unidades M\u00f3veis da Funda\u00e7\u00e3o Jos\u00e9 Silveira, permanecer\u00e3o, at\u00e9 o dia 15 na Regi\u00e3o, com a seguinte programa\u00e7\u00e3o:<\/p>\n<p>9\/3 &#8211; Segunda (Santa Cruz da Vit\u00f3ria);<\/p>\n<p>10 e 11\/3 &#8211; Ter\u00e7a e Quarta (Macarani);<\/p>\n<p>12, 13 e 14\/3 &#8211; Quinta, Sexta e S\u00e1bado (Itapetinga).<\/p>\n<p>O coordenador da Federa\u00e7\u00e3o das Santas Casas &#8211; FESFBA, Leonardo Matos, estar\u00e1 acompanhando os seis dias de Feiras de Sa\u00fade no M\u00e9dio Sudoeste. \u201cVamos dar suporte total a essa importante parceira a FJS e definir junto a Coordena\u00e7\u00e3o as datas das novas Feiras de Sa\u00fade que ser\u00e3o promovidas na Regi\u00e3o\u201d, disse Leonardo e acrescenta, \u201cExiste o planejamento para que os munic\u00edpios de Ibicu\u00ed, Itamb\u00e9 e Itoror\u00f3 recebam as Unidades M\u00f3veis j\u00e1 no pr\u00f3ximo m\u00eas\u201d finalizou.<\/p>\n","protected":false},"excerpt":{"rendered":"<p>A Funda\u00e7\u00e3o Jos\u00e9 Silveira &#8211; FJS inicia na pr\u00f3xima segunda-feira (9), no munic\u00edpio de Santa Cruz da Vit\u00f3ria, o primeiro ciclo de Feiras de Sa\u00fade do ano de 2020, no Territ\u00f3rio do M\u00e9dio Sudoeste do Estado. De acordo com a coordenadora geral da FJS em Itapetinga, Ana B\u00e1rbara Matos, ser\u00e3o realizadas consultas m\u00e9dicas em diversas [&hellip;]<\/p>\n","protected":false},"author":2,"featured_media":85208,"comment_status":"open","ping_status":"open","sticky":false,"template":"","format":"standard","meta":{"footnotes":"","_links_to":"","_links_to_target":""},"categories":[1],"tags":[],"class_list":["post-85207","post","type-post","status-publish","format-standard","has-post-thumbnail","hentry","category-geral"],"views":1153,"_links":{"self":[{"href":"https:\/\/www.sudoestehoje.com.br\/novoportal\/wp-json\/wp\/v2\/posts\/85207","targetHints":{"allow":["GET"]}}],"collection":[{"href":"https:\/\/www.sudoestehoje.com.br\/novoportal\/wp-json\/wp\/v2\/posts"}],"about":[{"href":"https:\/\/www.sudoestehoje.com.br\/novoportal\/wp-json\/wp\/v2\/types\/post"}],"author":[{"embeddable":true,"href":"https:\/\/www.sudoestehoje.com.br\/novoportal\/wp-json\/wp\/v2\/users\/2"}],"replies":[{"embeddable":true,"href":"https:\/\/www.sudoestehoje.com.br\/novoportal\/wp-json\/wp\/v2\/comments?post=85207"}],"version-history":[{"count":2,"href":"https:\/\/www.sudoestehoje.com.br\/novoportal\/wp-json\/wp\/v2\/posts\/85207\/revisions"}],"predecessor-version":[{"id":85211,"href":"https:\/\/www.sudoestehoje.com.br\/novoportal\/wp-json\/wp\/v2\/posts\/85207\/revisions\/85211"}],"wp:featuredmedia":[{"embeddable":true,"href":"https:\/\/www.sudoestehoje.com.br\/novoportal\/wp-json\/wp\/v2\/media\/85208"}],"wp:attachment":[{"href":"https:\/\/www.sudoestehoje.com.br\/novoportal\/wp-json\/wp\/v2\/media?parent=85207"}],"wp:term":[{"taxonomy":"category","embeddable":true,"href":"https:\/\/www.sudoestehoje.com.br\/novoportal\/wp-json\/wp\/v2\/categories?post=85207"},{"taxonomy":"post_tag","embeddable":true,"href":"https:\/\/www.sudoestehoje.com.br\/novoportal\/wp-json\/wp\/v2\/tags?post=85207"}],"curies":[{"name":"wp","href":"https:\/\/api.w.org\/{rel}","templated":true}]}}