
{"id":85175,"date":"2020-03-04T19:12:16","date_gmt":"2020-03-04T22:12:16","guid":{"rendered":"https:\/\/www.sudoestehoje.com.br\/novoportal\/?p=85175"},"modified":"2020-03-04T19:23:16","modified_gmt":"2020-03-04T22:23:16","slug":"regiao-violencia-explode-em-iguai","status":"publish","type":"post","link":"https:\/\/www.sudoestehoje.com.br\/novoportal\/2020\/03\/04\/regiao-violencia-explode-em-iguai\/","title":{"rendered":"REGI\u00c3O: VIOL\u00caNCIA EXPLODE EM IGUA\u00cd; BANDIDOS DOMINAM A CIDADE E POPULA\u00c7\u00c3O QUER MUDAR"},"content":{"rendered":"<p><a href=\"https:\/\/www.sudoestehoje.com.br\/novoportal\/wp-content\/uploads\/2020\/03\/iguai-11.jpg\"><img loading=\"lazy\" decoding=\"async\" class=\"aligncenter size-medium wp-image-85176\" src=\"https:\/\/www.sudoestehoje.com.br\/novoportal\/wp-content\/uploads\/2020\/03\/iguai-11-500x375.jpg\" alt=\"\" width=\"500\" height=\"375\" srcset=\"https:\/\/www.sudoestehoje.com.br\/novoportal\/wp-content\/uploads\/2020\/03\/iguai-11-500x375.jpg 500w, https:\/\/www.sudoestehoje.com.br\/novoportal\/wp-content\/uploads\/2020\/03\/iguai-11-768x576.jpg 768w, https:\/\/www.sudoestehoje.com.br\/novoportal\/wp-content\/uploads\/2020\/03\/iguai-11-700x525.jpg 700w, https:\/\/www.sudoestehoje.com.br\/novoportal\/wp-content\/uploads\/2020\/03\/iguai-11.jpg 800w\" sizes=\"auto, (max-width: 500px) 100vw, 500px\" \/><\/a><\/p>\n<p>Com pouco mais de 30 mil habitantes, o munic\u00edpio de Igua\u00ed, no M\u00e9dio Sudoeste da Bahia, vem se destacando negativamente pelo alto \u00edndice de criminalidade.<\/p>\n<p>De acordo com reportagem veiculada pela TV Sudoeste, nesta quarta-feira (4), o n\u00famero de homic\u00eddios cresceu cerca de 600% nos primeiros dois meses de 2020, quando 7 pessoas foram assassinadas.<\/p>\n<p>TOQUE DE RECOLHER E VONTADE DE MUDAR<\/p>\n<p>De acordo com informa\u00e7\u00f5es, bandidos ligados ao tr\u00e1fico de drogas dominaram a cidade e decretaram toque de recolher a partir das 18h, assustando a popula\u00e7\u00e3o. O clima na cidade \u00e9 de medo.<\/p>\n<p>Na reportagem exibida pela afiliada da Rede Globo na regi\u00e3o (TV Sudoeste), moradores j\u00e1 falam em mudar de Igua\u00ed para outras cidades, com medo da escalada de viol\u00eancia no munic\u00edpio.<\/p>\n<p><strong><em>Por Davi Ferraz<\/em><\/strong><\/p>\n","protected":false},"excerpt":{"rendered":"<p>Com pouco mais de 30 mil habitantes, o munic\u00edpio de Igua\u00ed, no M\u00e9dio Sudoeste da Bahia, vem se destacando negativamente pelo alto \u00edndice de criminalidade. De acordo com reportagem veiculada pela TV Sudoeste, nesta quarta-feira (4), o n\u00famero de homic\u00eddios cresceu cerca de 600% nos primeiros dois meses de 2020, quando 7 pessoas foram assassinadas. [&hellip;]<\/p>\n","protected":false},"author":2,"featured_media":85176,"comment_status":"open","ping_status":"open","sticky":false,"template":"","format":"standard","meta":{"footnotes":"","_links_to":"","_links_to_target":""},"categories":[1],"tags":[],"class_list":["post-85175","post","type-post","status-publish","format-standard","has-post-thumbnail","hentry","category-geral"],"views":2927,"_links":{"self":[{"href":"https:\/\/www.sudoestehoje.com.br\/novoportal\/wp-json\/wp\/v2\/posts\/85175","targetHints":{"allow":["GET"]}}],"collection":[{"href":"https:\/\/www.sudoestehoje.com.br\/novoportal\/wp-json\/wp\/v2\/posts"}],"about":[{"href":"https:\/\/www.sudoestehoje.com.br\/novoportal\/wp-json\/wp\/v2\/types\/post"}],"author":[{"embeddable":true,"href":"https:\/\/www.sudoestehoje.com.br\/novoportal\/wp-json\/wp\/v2\/users\/2"}],"replies":[{"embeddable":true,"href":"https:\/\/www.sudoestehoje.com.br\/novoportal\/wp-json\/wp\/v2\/comments?post=85175"}],"version-history":[{"count":4,"href":"https:\/\/www.sudoestehoje.com.br\/novoportal\/wp-json\/wp\/v2\/posts\/85175\/revisions"}],"predecessor-version":[{"id":85180,"href":"https:\/\/www.sudoestehoje.com.br\/novoportal\/wp-json\/wp\/v2\/posts\/85175\/revisions\/85180"}],"wp:featuredmedia":[{"embeddable":true,"href":"https:\/\/www.sudoestehoje.com.br\/novoportal\/wp-json\/wp\/v2\/media\/85176"}],"wp:attachment":[{"href":"https:\/\/www.sudoestehoje.com.br\/novoportal\/wp-json\/wp\/v2\/media?parent=85175"}],"wp:term":[{"taxonomy":"category","embeddable":true,"href":"https:\/\/www.sudoestehoje.com.br\/novoportal\/wp-json\/wp\/v2\/categories?post=85175"},{"taxonomy":"post_tag","embeddable":true,"href":"https:\/\/www.sudoestehoje.com.br\/novoportal\/wp-json\/wp\/v2\/tags?post=85175"}],"curies":[{"name":"wp","href":"https:\/\/api.w.org\/{rel}","templated":true}]}}