
{"id":85170,"date":"2020-03-04T18:16:16","date_gmt":"2020-03-04T21:16:16","guid":{"rendered":"https:\/\/www.sudoestehoje.com.br\/novoportal\/?p=85170"},"modified":"2020-03-04T18:16:16","modified_gmt":"2020-03-04T21:16:16","slug":"itapetinga-paciente-internado-no-cristo-nao-e-suspeito-de-coronavirus-diz-secretaria-de-saude","status":"publish","type":"post","link":"https:\/\/www.sudoestehoje.com.br\/novoportal\/2020\/03\/04\/itapetinga-paciente-internado-no-cristo-nao-e-suspeito-de-coronavirus-diz-secretaria-de-saude\/","title":{"rendered":"ITAPETINGA: PACIENTE INTERNADO NO CRISTO N\u00c3O \u00c9 SUSPEITO DE CORONAV\u00cdRUS, DIZ SECRETARIA DE SA\u00daDE"},"content":{"rendered":"<p><a href=\"https:\/\/www.sudoestehoje.com.br\/novoportal\/wp-content\/uploads\/2020\/03\/CORONA-NO-CRISTO.jpg\"><img loading=\"lazy\" decoding=\"async\" class=\"aligncenter size-medium wp-image-85172\" src=\"https:\/\/www.sudoestehoje.com.br\/novoportal\/wp-content\/uploads\/2020\/03\/CORONA-NO-CRISTO-500x333.jpg\" alt=\"\" width=\"500\" height=\"333\" srcset=\"https:\/\/www.sudoestehoje.com.br\/novoportal\/wp-content\/uploads\/2020\/03\/CORONA-NO-CRISTO-500x333.jpg 500w, https:\/\/www.sudoestehoje.com.br\/novoportal\/wp-content\/uploads\/2020\/03\/CORONA-NO-CRISTO-768x512.jpg 768w, https:\/\/www.sudoestehoje.com.br\/novoportal\/wp-content\/uploads\/2020\/03\/CORONA-NO-CRISTO-700x467.jpg 700w, https:\/\/www.sudoestehoje.com.br\/novoportal\/wp-content\/uploads\/2020\/03\/CORONA-NO-CRISTO.jpg 990w\" sizes=\"auto, (max-width: 500px) 100vw, 500px\" \/><\/a><\/p>\n<p>A equipe da Secretaria de Sa\u00fade, atrav\u00e9s da Vigil\u00e2ncia Epidemiol\u00f3gica, vem a p\u00fablico esclarecer informa\u00e7\u00f5es veiculadas atrav\u00e9s das redes sociais sobre a presen\u00e7a de <strong>um paciente internado no Hospital Cristo Redentor,<\/strong> com sintomas compat\u00edveis com o novo coronav\u00edrus (COVID-19).<\/p>\n<p>No domingo (01), \u00e0s 14h, a equipe, conduzida pelo Diretor de Vigil\u00e2ncia em Sa\u00fade, Victor Oliveira Gama, e o Coordenador de Vigil\u00e2ncia epidemiol\u00f3gica, Orlando Nunes, esteve na unidade hospitalar, onde foi poss\u00edvel analisar as informa\u00e7\u00f5es do atendimento com o hist\u00f3rico do paciente.<\/p>\n<p>Atrav\u00e9s da investiga\u00e7\u00e3o detalhada, <strong>chegou-se \u00e0 conclus\u00e3o que o paciente n\u00e3o \u00e9 um poss\u00edvel caso do COVID-19<\/strong>, o que n\u00e3o descarta a possibilidade de outra s\u00edndrome gripal. <strong>O paciente segue sendo acompanhado pela Vigil\u00e2ncia em Sa\u00fade do munic\u00edpio.<\/strong><\/p>\n<p>A equipe da Vigil\u00e2ncia Epidemiol\u00f3gica segue em alerta, observando as informa\u00e7\u00f5es e atualiza\u00e7\u00f5es, mantendo contato com todas as unidades de sa\u00fade da cidade.<\/p>\n","protected":false},"excerpt":{"rendered":"<p>A equipe da Secretaria de Sa\u00fade, atrav\u00e9s da Vigil\u00e2ncia Epidemiol\u00f3gica, vem a p\u00fablico esclarecer informa\u00e7\u00f5es veiculadas atrav\u00e9s das redes sociais sobre a presen\u00e7a de um paciente internado no Hospital Cristo Redentor, com sintomas compat\u00edveis com o novo coronav\u00edrus (COVID-19). No domingo (01), \u00e0s 14h, a equipe, conduzida pelo Diretor de Vigil\u00e2ncia em Sa\u00fade, Victor Oliveira [&hellip;]<\/p>\n","protected":false},"author":2,"featured_media":85172,"comment_status":"open","ping_status":"open","sticky":false,"template":"","format":"standard","meta":{"footnotes":"","_links_to":"","_links_to_target":""},"categories":[1],"tags":[],"class_list":["post-85170","post","type-post","status-publish","format-standard","has-post-thumbnail","hentry","category-geral"],"views":804,"_links":{"self":[{"href":"https:\/\/www.sudoestehoje.com.br\/novoportal\/wp-json\/wp\/v2\/posts\/85170","targetHints":{"allow":["GET"]}}],"collection":[{"href":"https:\/\/www.sudoestehoje.com.br\/novoportal\/wp-json\/wp\/v2\/posts"}],"about":[{"href":"https:\/\/www.sudoestehoje.com.br\/novoportal\/wp-json\/wp\/v2\/types\/post"}],"author":[{"embeddable":true,"href":"https:\/\/www.sudoestehoje.com.br\/novoportal\/wp-json\/wp\/v2\/users\/2"}],"replies":[{"embeddable":true,"href":"https:\/\/www.sudoestehoje.com.br\/novoportal\/wp-json\/wp\/v2\/comments?post=85170"}],"version-history":[{"count":3,"href":"https:\/\/www.sudoestehoje.com.br\/novoportal\/wp-json\/wp\/v2\/posts\/85170\/revisions"}],"predecessor-version":[{"id":85174,"href":"https:\/\/www.sudoestehoje.com.br\/novoportal\/wp-json\/wp\/v2\/posts\/85170\/revisions\/85174"}],"wp:featuredmedia":[{"embeddable":true,"href":"https:\/\/www.sudoestehoje.com.br\/novoportal\/wp-json\/wp\/v2\/media\/85172"}],"wp:attachment":[{"href":"https:\/\/www.sudoestehoje.com.br\/novoportal\/wp-json\/wp\/v2\/media?parent=85170"}],"wp:term":[{"taxonomy":"category","embeddable":true,"href":"https:\/\/www.sudoestehoje.com.br\/novoportal\/wp-json\/wp\/v2\/categories?post=85170"},{"taxonomy":"post_tag","embeddable":true,"href":"https:\/\/www.sudoestehoje.com.br\/novoportal\/wp-json\/wp\/v2\/tags?post=85170"}],"curies":[{"name":"wp","href":"https:\/\/api.w.org\/{rel}","templated":true}]}}