
{"id":85161,"date":"2020-03-01T20:16:14","date_gmt":"2020-03-01T23:16:14","guid":{"rendered":"https:\/\/www.sudoestehoje.com.br\/novoportal\/?p=85161"},"modified":"2020-03-01T20:16:14","modified_gmt":"2020-03-01T23:16:14","slug":"itapetinga-nao-ha-paciente-com-suspeita-de-coronavirus-no-cristo-desmente-fjs","status":"publish","type":"post","link":"https:\/\/www.sudoestehoje.com.br\/novoportal\/2020\/03\/01\/itapetinga-nao-ha-paciente-com-suspeita-de-coronavirus-no-cristo-desmente-fjs\/","title":{"rendered":"ITAPETINGA: &#8220;N\u00c3O H\u00c1 PACIENTE COM SUSPEITA DE CORONAV\u00cdRUS NO CRISTO&#8221;, DESMENTE FJS"},"content":{"rendered":"<p><a href=\"https:\/\/www.sudoestehoje.com.br\/novoportal\/wp-content\/uploads\/2020\/03\/FJS-111.jpg\"><img loading=\"lazy\" decoding=\"async\" class=\"aligncenter size-medium wp-image-85164\" src=\"https:\/\/www.sudoestehoje.com.br\/novoportal\/wp-content\/uploads\/2020\/03\/FJS-111-500x336.jpg\" alt=\"\" width=\"500\" height=\"336\" srcset=\"https:\/\/www.sudoestehoje.com.br\/novoportal\/wp-content\/uploads\/2020\/03\/FJS-111-500x336.jpg 500w, https:\/\/www.sudoestehoje.com.br\/novoportal\/wp-content\/uploads\/2020\/03\/FJS-111.jpg 600w\" sizes=\"auto, (max-width: 500px) 100vw, 500px\" \/><\/a><\/p>\n<p>Diante dos \u00e1udios que circulam nas redes sociais, a Funda\u00e7\u00e3o Jos\u00e9 Silveira vem a p\u00fablico esclarecer que n\u00e3o procedem as informa\u00e7\u00f5es sobre a presen\u00e7a de pacientes infectados pelo coronav\u00edrus (CODVID-19) em sua unidade em Itapetinga.<\/p>\n<p>At\u00e9 o momento nenhum caso suspeito de coronav\u00edrus foi confirmado na Bahia. A Secretaria Estadual de Sa\u00fade \u2013 SESAB registrou 24 casos suspeitos de coronav\u00edrus em sete munic\u00edpios: Cama\u00e7ari, Jequi\u00e9, Tucano, Itabuna, Jacaraci, Salvador e Feira de Santana. Os casos s\u00f3 s\u00e3o oficialmente reconhecidos como suspeitos ap\u00f3s confirma\u00e7\u00e3o do Minist\u00e9rio da Sa\u00fade, o que ainda n\u00e3o ocorreu.<\/p>\n<p>O Hospital Cristo Redentor mant\u00e9m as suas atividades de rotina tranquilamente e todos os funcion\u00e1rios est\u00e3o orientados, trabalhando devidamente paramentados.<\/p>\n","protected":false},"excerpt":{"rendered":"<p>Diante dos \u00e1udios que circulam nas redes sociais, a Funda\u00e7\u00e3o Jos\u00e9 Silveira vem a p\u00fablico esclarecer que n\u00e3o procedem as informa\u00e7\u00f5es sobre a presen\u00e7a de pacientes infectados pelo coronav\u00edrus (CODVID-19) em sua unidade em Itapetinga. At\u00e9 o momento nenhum caso suspeito de coronav\u00edrus foi confirmado na Bahia. A Secretaria Estadual de Sa\u00fade \u2013 SESAB registrou [&hellip;]<\/p>\n","protected":false},"author":2,"featured_media":85164,"comment_status":"open","ping_status":"open","sticky":false,"template":"","format":"standard","meta":{"footnotes":"","_links_to":"","_links_to_target":""},"categories":[1],"tags":[],"class_list":["post-85161","post","type-post","status-publish","format-standard","has-post-thumbnail","hentry","category-geral"],"views":867,"_links":{"self":[{"href":"https:\/\/www.sudoestehoje.com.br\/novoportal\/wp-json\/wp\/v2\/posts\/85161","targetHints":{"allow":["GET"]}}],"collection":[{"href":"https:\/\/www.sudoestehoje.com.br\/novoportal\/wp-json\/wp\/v2\/posts"}],"about":[{"href":"https:\/\/www.sudoestehoje.com.br\/novoportal\/wp-json\/wp\/v2\/types\/post"}],"author":[{"embeddable":true,"href":"https:\/\/www.sudoestehoje.com.br\/novoportal\/wp-json\/wp\/v2\/users\/2"}],"replies":[{"embeddable":true,"href":"https:\/\/www.sudoestehoje.com.br\/novoportal\/wp-json\/wp\/v2\/comments?post=85161"}],"version-history":[{"count":3,"href":"https:\/\/www.sudoestehoje.com.br\/novoportal\/wp-json\/wp\/v2\/posts\/85161\/revisions"}],"predecessor-version":[{"id":85165,"href":"https:\/\/www.sudoestehoje.com.br\/novoportal\/wp-json\/wp\/v2\/posts\/85161\/revisions\/85165"}],"wp:featuredmedia":[{"embeddable":true,"href":"https:\/\/www.sudoestehoje.com.br\/novoportal\/wp-json\/wp\/v2\/media\/85164"}],"wp:attachment":[{"href":"https:\/\/www.sudoestehoje.com.br\/novoportal\/wp-json\/wp\/v2\/media?parent=85161"}],"wp:term":[{"taxonomy":"category","embeddable":true,"href":"https:\/\/www.sudoestehoje.com.br\/novoportal\/wp-json\/wp\/v2\/categories?post=85161"},{"taxonomy":"post_tag","embeddable":true,"href":"https:\/\/www.sudoestehoje.com.br\/novoportal\/wp-json\/wp\/v2\/tags?post=85161"}],"curies":[{"name":"wp","href":"https:\/\/api.w.org\/{rel}","templated":true}]}}