
{"id":85149,"date":"2020-02-29T20:37:22","date_gmt":"2020-02-29T23:37:22","guid":{"rendered":"https:\/\/www.sudoestehoje.com.br\/novoportal\/?p=85149"},"modified":"2020-02-29T20:45:42","modified_gmt":"2020-02-29T23:45:42","slug":"abastecimento-de-agua-e-restabelecido-apos-rompimento-de-adutora-no-primavera","status":"publish","type":"post","link":"https:\/\/www.sudoestehoje.com.br\/novoportal\/2020\/02\/29\/abastecimento-de-agua-e-restabelecido-apos-rompimento-de-adutora-no-primavera\/","title":{"rendered":"ABASTECIMENTO DE \u00c1GUA \u00c9 RESTABELECIDO AP\u00d3S ROMPIMENTO DE ADUTORA NO PRIMAVERA"},"content":{"rendered":"<p><a href=\"https:\/\/www.sudoestehoje.com.br\/novoportal\/wp-content\/uploads\/2020\/02\/SAAE-1.jpg\"><img loading=\"lazy\" decoding=\"async\" class=\"aligncenter size-medium wp-image-85152\" src=\"https:\/\/www.sudoestehoje.com.br\/novoportal\/wp-content\/uploads\/2020\/02\/SAAE-1-500x500.jpg\" alt=\"\" width=\"500\" height=\"500\" srcset=\"https:\/\/www.sudoestehoje.com.br\/novoportal\/wp-content\/uploads\/2020\/02\/SAAE-1-500x500.jpg 500w, https:\/\/www.sudoestehoje.com.br\/novoportal\/wp-content\/uploads\/2020\/02\/SAAE-1-150x150.jpg 150w, https:\/\/www.sudoestehoje.com.br\/novoportal\/wp-content\/uploads\/2020\/02\/SAAE-1.jpg 640w\" sizes=\"auto, (max-width: 500px) 100vw, 500px\" \/><\/a><\/p>\n<p>O SAAE informa aos moradores dos bairros Agarradinho, Ecosane, URBIS, Vit\u00f3ria R\u00e9gia, Clodoaldo Costa, Primavera, Quintas do Sul, Quintas do Morumbi, Morumbi, Am\u00e9rico Nogueira e Recanto da Colina, que o abastecimento j\u00e1 foi normalizado para estas localidades e, t\u00e3o logo os reservat\u00f3rios estejam cheios, a \u00e1gua fluir\u00e1 nas resid\u00eancias dos usu\u00e1rios.<\/p>\n<p>Em tempo, agradecemos a compreens\u00e3o de todos, pois desde as primeiras horas da manh\u00e3 a equipe do SAAE esteve trabalhando com afinco e dedica\u00e7\u00e3o na resolu\u00e7\u00e3o do problema.<\/p>\n\n\t\t<style type=\"text\/css\">\n\t\t\t#gallery-1 {\n\t\t\t\tmargin: auto;\n\t\t\t}\n\t\t\t#gallery-1 .gallery-item {\n\t\t\t\tfloat: left;\n\t\t\t\tmargin-top: 10px;\n\t\t\t\ttext-align: center;\n\t\t\t\twidth: 33%;\n\t\t\t}\n\t\t\t#gallery-1 img {\n\t\t\t\tborder: 2px solid #cfcfcf;\n\t\t\t}\n\t\t\t#gallery-1 .gallery-caption {\n\t\t\t\tmargin-left: 0;\n\t\t\t}\n\t\t\t\/* see gallery_shortcode() in wp-includes\/media.php *\/\n\t\t<\/style>\n\t\t<div id='gallery-1' class='gallery galleryid-85149 gallery-columns-3 gallery-size-thumbnail'><dl class='gallery-item'>\n\t\t\t<dt class='gallery-icon landscape'>\n\t\t\t\t<a href='https:\/\/www.sudoestehoje.com.br\/novoportal\/2020\/02\/29\/abastecimento-de-agua-e-restabelecido-apos-rompimento-de-adutora-no-primavera\/adt-1\/'><img loading=\"lazy\" decoding=\"async\" width=\"150\" height=\"150\" src=\"https:\/\/www.sudoestehoje.com.br\/novoportal\/wp-content\/uploads\/2020\/02\/ADT-1-150x150.jpg\" class=\"attachment-thumbnail size-thumbnail\" alt=\"\" \/><\/a>\n\t\t\t<\/dt><\/dl><dl class='gallery-item'>\n\t\t\t<dt class='gallery-icon landscape'>\n\t\t\t\t<a href='https:\/\/www.sudoestehoje.com.br\/novoportal\/2020\/02\/29\/abastecimento-de-agua-e-restabelecido-apos-rompimento-de-adutora-no-primavera\/adt-2\/'><img loading=\"lazy\" decoding=\"async\" width=\"150\" height=\"150\" src=\"https:\/\/www.sudoestehoje.com.br\/novoportal\/wp-content\/uploads\/2020\/02\/ADT-2-150x150.jpg\" class=\"attachment-thumbnail size-thumbnail\" alt=\"\" \/><\/a>\n\t\t\t<\/dt><\/dl><dl class='gallery-item'>\n\t\t\t<dt class='gallery-icon portrait'>\n\t\t\t\t<a href='https:\/\/www.sudoestehoje.com.br\/novoportal\/2020\/02\/29\/abastecimento-de-agua-e-restabelecido-apos-rompimento-de-adutora-no-primavera\/adt-3\/'><img loading=\"lazy\" decoding=\"async\" width=\"150\" height=\"150\" src=\"https:\/\/www.sudoestehoje.com.br\/novoportal\/wp-content\/uploads\/2020\/02\/ADT-3-150x150.jpg\" class=\"attachment-thumbnail size-thumbnail\" alt=\"\" \/><\/a>\n\t\t\t<\/dt><\/dl><br style=\"clear: both\" \/>\n\t\t<\/div>\n\n","protected":false},"excerpt":{"rendered":"<p>O SAAE informa aos moradores dos bairros Agarradinho, Ecosane, URBIS, Vit\u00f3ria R\u00e9gia, Clodoaldo Costa, Primavera, Quintas do Sul, Quintas do Morumbi, Morumbi, Am\u00e9rico Nogueira e Recanto da Colina, que o abastecimento j\u00e1 foi normalizado para estas localidades e, t\u00e3o logo os reservat\u00f3rios estejam cheios, a \u00e1gua fluir\u00e1 nas resid\u00eancias dos usu\u00e1rios. Em tempo, agradecemos a [&hellip;]<\/p>\n","protected":false},"author":2,"featured_media":85152,"comment_status":"open","ping_status":"open","sticky":false,"template":"","format":"standard","meta":{"footnotes":"","_links_to":"","_links_to_target":""},"categories":[1],"tags":[],"class_list":["post-85149","post","type-post","status-publish","format-standard","has-post-thumbnail","hentry","category-geral"],"views":744,"_links":{"self":[{"href":"https:\/\/www.sudoestehoje.com.br\/novoportal\/wp-json\/wp\/v2\/posts\/85149","targetHints":{"allow":["GET"]}}],"collection":[{"href":"https:\/\/www.sudoestehoje.com.br\/novoportal\/wp-json\/wp\/v2\/posts"}],"about":[{"href":"https:\/\/www.sudoestehoje.com.br\/novoportal\/wp-json\/wp\/v2\/types\/post"}],"author":[{"embeddable":true,"href":"https:\/\/www.sudoestehoje.com.br\/novoportal\/wp-json\/wp\/v2\/users\/2"}],"replies":[{"embeddable":true,"href":"https:\/\/www.sudoestehoje.com.br\/novoportal\/wp-json\/wp\/v2\/comments?post=85149"}],"version-history":[{"count":3,"href":"https:\/\/www.sudoestehoje.com.br\/novoportal\/wp-json\/wp\/v2\/posts\/85149\/revisions"}],"predecessor-version":[{"id":85157,"href":"https:\/\/www.sudoestehoje.com.br\/novoportal\/wp-json\/wp\/v2\/posts\/85149\/revisions\/85157"}],"wp:featuredmedia":[{"embeddable":true,"href":"https:\/\/www.sudoestehoje.com.br\/novoportal\/wp-json\/wp\/v2\/media\/85152"}],"wp:attachment":[{"href":"https:\/\/www.sudoestehoje.com.br\/novoportal\/wp-json\/wp\/v2\/media?parent=85149"}],"wp:term":[{"taxonomy":"category","embeddable":true,"href":"https:\/\/www.sudoestehoje.com.br\/novoportal\/wp-json\/wp\/v2\/categories?post=85149"},{"taxonomy":"post_tag","embeddable":true,"href":"https:\/\/www.sudoestehoje.com.br\/novoportal\/wp-json\/wp\/v2\/tags?post=85149"}],"curies":[{"name":"wp","href":"https:\/\/api.w.org\/{rel}","templated":true}]}}