
{"id":85140,"date":"2020-02-29T19:12:21","date_gmt":"2020-02-29T22:12:21","guid":{"rendered":"https:\/\/www.sudoestehoje.com.br\/novoportal\/?p=85140"},"modified":"2020-02-29T19:12:21","modified_gmt":"2020-02-29T22:12:21","slug":"moro-diz-que-paralisacao-no-ceara-e-ilegal-mas-que-policial-nao-pode-ser-tratado-como-criminoso","status":"publish","type":"post","link":"https:\/\/www.sudoestehoje.com.br\/novoportal\/2020\/02\/29\/moro-diz-que-paralisacao-no-ceara-e-ilegal-mas-que-policial-nao-pode-ser-tratado-como-criminoso\/","title":{"rendered":"MORO DIZ QUE PARALISA\u00c7\u00c3O NO CEAR\u00c1 \u00c9 ILEGAL, MAS QUE POLICIAL N\u00c3O PODE SER TRATADO COMO CRIMINOSO"},"content":{"rendered":"<p><a href=\"https:\/\/www.sudoestehoje.com.br\/novoportal\/wp-content\/uploads\/2020\/02\/MORO-CEAR\u00c1.jpg\"><img loading=\"lazy\" decoding=\"async\" class=\"aligncenter  wp-image-85142\" src=\"https:\/\/www.sudoestehoje.com.br\/novoportal\/wp-content\/uploads\/2020\/02\/MORO-CEAR\u00c1-500x300.jpg\" alt=\"\" width=\"502\" height=\"301\" srcset=\"https:\/\/www.sudoestehoje.com.br\/novoportal\/wp-content\/uploads\/2020\/02\/MORO-CEAR\u00c1-500x300.jpg 500w, https:\/\/www.sudoestehoje.com.br\/novoportal\/wp-content\/uploads\/2020\/02\/MORO-CEAR\u00c1-768x461.jpg 768w, https:\/\/www.sudoestehoje.com.br\/novoportal\/wp-content\/uploads\/2020\/02\/MORO-CEAR\u00c1-700x420.jpg 700w, https:\/\/www.sudoestehoje.com.br\/novoportal\/wp-content\/uploads\/2020\/02\/MORO-CEAR\u00c1.jpg 1086w\" sizes=\"auto, (max-width: 502px) 100vw, 502px\" \/><\/a><\/p>\n<p>O ministro da Justi\u00e7a e Seguran\u00e7a P\u00fablica,\u00a0<a href=\"https:\/\/istoe.com.br\/tag\/sergio-moro\"><strong>Sergio Moro<\/strong><\/a>, disse neste s\u00e1bado (29) que a paralisa\u00e7\u00e3o dos policiais militares do Cear\u00e1 \u00e9 ilegal , mas os amotinados n\u00e3o podem ser tratados como criminosos. As informa\u00e7\u00f5es s\u00e3o do jornal O Globo.<\/p>\n<p>\u201cO governo federal v\u00ea com preocupa\u00e7\u00e3o a paralisa\u00e7\u00e3o que \u00e9 ilegal da Pol\u00edcia Militar do estado. Claro que o policial tem que ser valorizado, claro que o policial n\u00e3o pode ser tratado de maneira nenhuma como um criminoso. O que ele quer \u00e9 cumprir a lei e n\u00e3o violar a lei, mas de fato essa paralisa\u00e7\u00e3o \u00e9 ilegal\u201d. disse Moro.<\/p>\n<p>Neste s\u00e1bado (29), o ministro participou de uma palestra durante encontro de governadores das regi\u00f5es Sul e Sudeste em Foz do Igua\u00e7u (PR). Seis governadores tamb\u00e9m participam do evento: Jo\u00e3o Doria (SP), Carlos Massa Ratinho J\u00fanior (PR), Carlos Mois\u00e9s (SC), Eduardo Leite (RS), Romeu Zema (MG), Renato Casagrande (ES). O vice-governador do Rio de Janeiro, Cl\u00e1udio Castro, tamb\u00e9m est\u00e1 presente.<\/p>\n","protected":false},"excerpt":{"rendered":"<p>O ministro da Justi\u00e7a e Seguran\u00e7a P\u00fablica,\u00a0Sergio Moro, disse neste s\u00e1bado (29) que a paralisa\u00e7\u00e3o dos policiais militares do Cear\u00e1 \u00e9 ilegal , mas os amotinados n\u00e3o podem ser tratados como criminosos. As informa\u00e7\u00f5es s\u00e3o do jornal O Globo. \u201cO governo federal v\u00ea com preocupa\u00e7\u00e3o a paralisa\u00e7\u00e3o que \u00e9 ilegal da Pol\u00edcia Militar do estado. [&hellip;]<\/p>\n","protected":false},"author":2,"featured_media":85142,"comment_status":"open","ping_status":"open","sticky":false,"template":"","format":"standard","meta":{"footnotes":"","_links_to":"","_links_to_target":""},"categories":[1],"tags":[],"class_list":["post-85140","post","type-post","status-publish","format-standard","has-post-thumbnail","hentry","category-geral"],"views":788,"_links":{"self":[{"href":"https:\/\/www.sudoestehoje.com.br\/novoportal\/wp-json\/wp\/v2\/posts\/85140","targetHints":{"allow":["GET"]}}],"collection":[{"href":"https:\/\/www.sudoestehoje.com.br\/novoportal\/wp-json\/wp\/v2\/posts"}],"about":[{"href":"https:\/\/www.sudoestehoje.com.br\/novoportal\/wp-json\/wp\/v2\/types\/post"}],"author":[{"embeddable":true,"href":"https:\/\/www.sudoestehoje.com.br\/novoportal\/wp-json\/wp\/v2\/users\/2"}],"replies":[{"embeddable":true,"href":"https:\/\/www.sudoestehoje.com.br\/novoportal\/wp-json\/wp\/v2\/comments?post=85140"}],"version-history":[{"count":2,"href":"https:\/\/www.sudoestehoje.com.br\/novoportal\/wp-json\/wp\/v2\/posts\/85140\/revisions"}],"predecessor-version":[{"id":85143,"href":"https:\/\/www.sudoestehoje.com.br\/novoportal\/wp-json\/wp\/v2\/posts\/85140\/revisions\/85143"}],"wp:featuredmedia":[{"embeddable":true,"href":"https:\/\/www.sudoestehoje.com.br\/novoportal\/wp-json\/wp\/v2\/media\/85142"}],"wp:attachment":[{"href":"https:\/\/www.sudoestehoje.com.br\/novoportal\/wp-json\/wp\/v2\/media?parent=85140"}],"wp:term":[{"taxonomy":"category","embeddable":true,"href":"https:\/\/www.sudoestehoje.com.br\/novoportal\/wp-json\/wp\/v2\/categories?post=85140"},{"taxonomy":"post_tag","embeddable":true,"href":"https:\/\/www.sudoestehoje.com.br\/novoportal\/wp-json\/wp\/v2\/tags?post=85140"}],"curies":[{"name":"wp","href":"https:\/\/api.w.org\/{rel}","templated":true}]}}