
{"id":85135,"date":"2020-02-29T18:57:45","date_gmt":"2020-02-29T21:57:45","guid":{"rendered":"https:\/\/www.sudoestehoje.com.br\/novoportal\/?p=85135"},"modified":"2020-02-29T18:57:45","modified_gmt":"2020-02-29T21:57:45","slug":"itarantim-du-almeida-e-michelet-martins-podem-compor-chapa-para-disputar-prefeitura-pela-oposicao","status":"publish","type":"post","link":"https:\/\/www.sudoestehoje.com.br\/novoportal\/2020\/02\/29\/itarantim-du-almeida-e-michelet-martins-podem-compor-chapa-para-disputar-prefeitura-pela-oposicao\/","title":{"rendered":"ITARANTIM: DU ALMEIDA E MICHELET MARTINS PODEM COMPOR CHAPA PARA DISPUTAR PREFEITURA PELA OPOSI\u00c7\u00c3O"},"content":{"rendered":"<p><a href=\"https:\/\/www.sudoestehoje.com.br\/novoportal\/wp-content\/uploads\/2020\/02\/DU-E-MICHELET.jpg\"><img loading=\"lazy\" decoding=\"async\" class=\"aligncenter size-medium wp-image-85138\" src=\"https:\/\/www.sudoestehoje.com.br\/novoportal\/wp-content\/uploads\/2020\/02\/DU-E-MICHELET-500x236.jpg\" alt=\"\" width=\"500\" height=\"236\" srcset=\"https:\/\/www.sudoestehoje.com.br\/novoportal\/wp-content\/uploads\/2020\/02\/DU-E-MICHELET-500x236.jpg 500w, https:\/\/www.sudoestehoje.com.br\/novoportal\/wp-content\/uploads\/2020\/02\/DU-E-MICHELET-768x362.jpg 768w, https:\/\/www.sudoestehoje.com.br\/novoportal\/wp-content\/uploads\/2020\/02\/DU-E-MICHELET-700x330.jpg 700w, https:\/\/www.sudoestehoje.com.br\/novoportal\/wp-content\/uploads\/2020\/02\/DU-E-MICHELET.jpg 1280w\" sizes=\"auto, (max-width: 500px) 100vw, 500px\" \/><\/a><\/p>\n<p>Nos bastidores da pol\u00edtica regional, o <strong><em>Sudoeste Hoje<\/em><\/strong> obteve informa\u00e7\u00f5es quent\u00edssimas da pol\u00edtica de<strong> Itarantim<\/strong>, que d\u00e3o conta do crescimento politico do advogado <strong>Eduardo Almeida (Du Almeida)<\/strong>, pr\u00e9-candidato a prefeito pelo PP, partido do vice-governador Jo\u00e3o Le\u00e3o.<\/p>\n<p>Comenta-se nos meios pol\u00edticos da cidade que a <strong>ex primeira dama<\/strong> do munic\u00edpio <strong>Michelet Martins<\/strong> (ex- esposa do atual prefeito Paulo Constru\u00e7\u00e3o), que j\u00e1 exerceu com muito destaque o cargo de Secret\u00e1ria de Assist\u00eancia Social, seria um nome forte para compor a chapa como vice-prefeita de Du Almeida.<\/p>\n<p>J\u00e1 se sabe que Michelet tem uma liga\u00e7\u00e3o pol\u00edtica com o grupo de Du Almeida desde as elei\u00e7\u00f5es de 2018, quando juntos apoiaram o mesmo candidato a deputado estadual no munic\u00edpio.<\/p>\n<p>Com as articula\u00e7\u00f5es nos bastidores acontecendo a todo vapor, resta saber quem ser\u00e1 o vice de quem, j\u00e1 que existem alguns outros pr\u00e9-candidatos tamb\u00e9m cotados pelas oposi\u00e7\u00f5es, exemplo de Claudio Tonucci (Republicanos) e do vereador Dudu dos Tutas (PL).<\/p>\n<p>No atual contexto, as chances de reelei\u00e7\u00e3o do prefeito Paulo Constru\u00e7\u00e3o s\u00e3o m\u00ednimas, vez que seu grupo desidratou e a sua gest\u00e3o est\u00e1 sendo longe do esperado pela popula\u00e7\u00e3o do munic\u00edpio.<\/p>\n<p><strong><em>Reda\u00e7\u00e3o SH<\/em><\/strong><\/p>\n","protected":false},"excerpt":{"rendered":"<p>Nos bastidores da pol\u00edtica regional, o Sudoeste Hoje obteve informa\u00e7\u00f5es quent\u00edssimas da pol\u00edtica de Itarantim, que d\u00e3o conta do crescimento politico do advogado Eduardo Almeida (Du Almeida), pr\u00e9-candidato a prefeito pelo PP, partido do vice-governador Jo\u00e3o Le\u00e3o. Comenta-se nos meios pol\u00edticos da cidade que a ex primeira dama do munic\u00edpio Michelet Martins (ex- esposa do [&hellip;]<\/p>\n","protected":false},"author":2,"featured_media":85138,"comment_status":"open","ping_status":"open","sticky":false,"template":"","format":"standard","meta":{"footnotes":"","_links_to":"","_links_to_target":""},"categories":[1],"tags":[],"class_list":["post-85135","post","type-post","status-publish","format-standard","has-post-thumbnail","hentry","category-geral"],"views":993,"_links":{"self":[{"href":"https:\/\/www.sudoestehoje.com.br\/novoportal\/wp-json\/wp\/v2\/posts\/85135","targetHints":{"allow":["GET"]}}],"collection":[{"href":"https:\/\/www.sudoestehoje.com.br\/novoportal\/wp-json\/wp\/v2\/posts"}],"about":[{"href":"https:\/\/www.sudoestehoje.com.br\/novoportal\/wp-json\/wp\/v2\/types\/post"}],"author":[{"embeddable":true,"href":"https:\/\/www.sudoestehoje.com.br\/novoportal\/wp-json\/wp\/v2\/users\/2"}],"replies":[{"embeddable":true,"href":"https:\/\/www.sudoestehoje.com.br\/novoportal\/wp-json\/wp\/v2\/comments?post=85135"}],"version-history":[{"count":3,"href":"https:\/\/www.sudoestehoje.com.br\/novoportal\/wp-json\/wp\/v2\/posts\/85135\/revisions"}],"predecessor-version":[{"id":85139,"href":"https:\/\/www.sudoestehoje.com.br\/novoportal\/wp-json\/wp\/v2\/posts\/85135\/revisions\/85139"}],"wp:featuredmedia":[{"embeddable":true,"href":"https:\/\/www.sudoestehoje.com.br\/novoportal\/wp-json\/wp\/v2\/media\/85138"}],"wp:attachment":[{"href":"https:\/\/www.sudoestehoje.com.br\/novoportal\/wp-json\/wp\/v2\/media?parent=85135"}],"wp:term":[{"taxonomy":"category","embeddable":true,"href":"https:\/\/www.sudoestehoje.com.br\/novoportal\/wp-json\/wp\/v2\/categories?post=85135"},{"taxonomy":"post_tag","embeddable":true,"href":"https:\/\/www.sudoestehoje.com.br\/novoportal\/wp-json\/wp\/v2\/tags?post=85135"}],"curies":[{"name":"wp","href":"https:\/\/api.w.org\/{rel}","templated":true}]}}