
{"id":85105,"date":"2020-02-25T21:34:49","date_gmt":"2020-02-26T00:34:49","guid":{"rendered":"https:\/\/www.sudoestehoje.com.br\/novoportal\/?p=85105"},"modified":"2020-02-25T21:34:49","modified_gmt":"2020-02-26T00:34:49","slug":"governo-confirma-primeiro-caso-do-coronavirus-no-brasil-vitima-veio-da-italia","status":"publish","type":"post","link":"https:\/\/www.sudoestehoje.com.br\/novoportal\/2020\/02\/25\/governo-confirma-primeiro-caso-do-coronavirus-no-brasil-vitima-veio-da-italia\/","title":{"rendered":"GOVERNO CONFIRMA PRIMEIRO CASO DO CORONAV\u00cdRUS NO BRASIL; V\u00cdTIMA VEIO DA IT\u00c1LIA"},"content":{"rendered":"<p><a href=\"https:\/\/www.sudoestehoje.com.br\/novoportal\/wp-content\/uploads\/2020\/02\/CASO-CORONA.jpg\"><img loading=\"lazy\" decoding=\"async\" class=\"aligncenter size-medium wp-image-85106\" src=\"https:\/\/www.sudoestehoje.com.br\/novoportal\/wp-content\/uploads\/2020\/02\/CASO-CORONA-500x300.jpg\" alt=\"\" width=\"500\" height=\"300\" srcset=\"https:\/\/www.sudoestehoje.com.br\/novoportal\/wp-content\/uploads\/2020\/02\/CASO-CORONA-500x300.jpg 500w, https:\/\/www.sudoestehoje.com.br\/novoportal\/wp-content\/uploads\/2020\/02\/CASO-CORONA-768x461.jpg 768w, https:\/\/www.sudoestehoje.com.br\/novoportal\/wp-content\/uploads\/2020\/02\/CASO-CORONA-700x420.jpg 700w, https:\/\/www.sudoestehoje.com.br\/novoportal\/wp-content\/uploads\/2020\/02\/CASO-CORONA.jpg 1086w\" sizes=\"auto, (max-width: 500px) 100vw, 500px\" \/><\/a><\/p>\n<p>Um brasileiro vindo da It\u00e1lia chegou a S\u00e3o Paulo com suspeita de\u00a0<strong>coronav\u00edrus<\/strong>. Um primeiro exame atestou positivo para a doen\u00e7a, segundo o Minist\u00e9rio da Sa\u00fade, nesta ter\u00e7a-feira.<\/p>\n<p>Trata-se de um homem de 61 anos que foi atendido no Hospital Albert Einstein, na capital paulista. Ele esteve na It\u00e1lia, que j\u00e1 registrou mortes pela doen\u00e7a, entre 9 e 21 de fevereiro. O pa\u00eds enfrenta uma epidemia.<\/p>\n<div class=\"block__advertising block__advertising-in-text\">\n<div class=\"teads-inread sm-screen\">\n<div class=\"teads-ui-components-credits\">Segundo nota do Minist\u00e9rio da Sa\u00fade, ele apresenta sinais brandos da doen\u00e7a, como tosse seca, febre, dor de garganta e coriza.<\/div>\n<\/div>\n<\/div>\n<p>O hospital enviou a amostra para o laborat\u00f3rio Instituto Adolfo Lutz, de refer\u00eancia nacional, para ser realizada a contraprova. O resultado n\u00e3o tem data para ser divulgado, segundo o minist\u00e9rio.<\/p>\n","protected":false},"excerpt":{"rendered":"<p>Um brasileiro vindo da It\u00e1lia chegou a S\u00e3o Paulo com suspeita de\u00a0coronav\u00edrus. Um primeiro exame atestou positivo para a doen\u00e7a, segundo o Minist\u00e9rio da Sa\u00fade, nesta ter\u00e7a-feira. Trata-se de um homem de 61 anos que foi atendido no Hospital Albert Einstein, na capital paulista. Ele esteve na It\u00e1lia, que j\u00e1 registrou mortes pela doen\u00e7a, entre [&hellip;]<\/p>\n","protected":false},"author":2,"featured_media":85106,"comment_status":"open","ping_status":"open","sticky":false,"template":"","format":"standard","meta":{"footnotes":"","_links_to":"","_links_to_target":""},"categories":[1],"tags":[],"class_list":["post-85105","post","type-post","status-publish","format-standard","has-post-thumbnail","hentry","category-geral"],"views":933,"_links":{"self":[{"href":"https:\/\/www.sudoestehoje.com.br\/novoportal\/wp-json\/wp\/v2\/posts\/85105","targetHints":{"allow":["GET"]}}],"collection":[{"href":"https:\/\/www.sudoestehoje.com.br\/novoportal\/wp-json\/wp\/v2\/posts"}],"about":[{"href":"https:\/\/www.sudoestehoje.com.br\/novoportal\/wp-json\/wp\/v2\/types\/post"}],"author":[{"embeddable":true,"href":"https:\/\/www.sudoestehoje.com.br\/novoportal\/wp-json\/wp\/v2\/users\/2"}],"replies":[{"embeddable":true,"href":"https:\/\/www.sudoestehoje.com.br\/novoportal\/wp-json\/wp\/v2\/comments?post=85105"}],"version-history":[{"count":3,"href":"https:\/\/www.sudoestehoje.com.br\/novoportal\/wp-json\/wp\/v2\/posts\/85105\/revisions"}],"predecessor-version":[{"id":85109,"href":"https:\/\/www.sudoestehoje.com.br\/novoportal\/wp-json\/wp\/v2\/posts\/85105\/revisions\/85109"}],"wp:featuredmedia":[{"embeddable":true,"href":"https:\/\/www.sudoestehoje.com.br\/novoportal\/wp-json\/wp\/v2\/media\/85106"}],"wp:attachment":[{"href":"https:\/\/www.sudoestehoje.com.br\/novoportal\/wp-json\/wp\/v2\/media?parent=85105"}],"wp:term":[{"taxonomy":"category","embeddable":true,"href":"https:\/\/www.sudoestehoje.com.br\/novoportal\/wp-json\/wp\/v2\/categories?post=85105"},{"taxonomy":"post_tag","embeddable":true,"href":"https:\/\/www.sudoestehoje.com.br\/novoportal\/wp-json\/wp\/v2\/tags?post=85105"}],"curies":[{"name":"wp","href":"https:\/\/api.w.org\/{rel}","templated":true}]}}