
{"id":85101,"date":"2020-02-25T19:28:05","date_gmt":"2020-02-25T22:28:05","guid":{"rendered":"https:\/\/www.sudoestehoje.com.br\/novoportal\/?p=85101"},"modified":"2020-02-25T19:37:07","modified_gmt":"2020-02-25T22:37:07","slug":"regiao-sudoeste-sesab-descarta-caso-suspeito-de-coronavirus-em-jequie","status":"publish","type":"post","link":"https:\/\/www.sudoestehoje.com.br\/novoportal\/2020\/02\/25\/regiao-sudoeste-sesab-descarta-caso-suspeito-de-coronavirus-em-jequie\/","title":{"rendered":"REGI\u00c3O SUDOESTE: SESAB DESCARTA CASO SUSPEITO DE CORONAV\u00cdRUS EM JEQUI\u00c9"},"content":{"rendered":"<p><a href=\"https:\/\/www.sudoestehoje.com.br\/novoportal\/wp-content\/uploads\/2020\/02\/CORONA-JEQUI\u00c9.jpg\"><img loading=\"lazy\" decoding=\"async\" class=\"aligncenter size-medium wp-image-85102\" src=\"https:\/\/www.sudoestehoje.com.br\/novoportal\/wp-content\/uploads\/2020\/02\/CORONA-JEQUI\u00c9-500x235.jpg\" alt=\"\" width=\"500\" height=\"235\" srcset=\"https:\/\/www.sudoestehoje.com.br\/novoportal\/wp-content\/uploads\/2020\/02\/CORONA-JEQUI\u00c9-500x235.jpg 500w, https:\/\/www.sudoestehoje.com.br\/novoportal\/wp-content\/uploads\/2020\/02\/CORONA-JEQUI\u00c9-768x361.jpg 768w, https:\/\/www.sudoestehoje.com.br\/novoportal\/wp-content\/uploads\/2020\/02\/CORONA-JEQUI\u00c9-700x329.jpg 700w, https:\/\/www.sudoestehoje.com.br\/novoportal\/wp-content\/uploads\/2020\/02\/CORONA-JEQUI\u00c9.jpg 1600w\" sizes=\"auto, (max-width: 500px) 100vw, 500px\" \/><\/a><\/p>\n<p>A Secretaria da Sa\u00fade do Estado (Sesab) descartou a suspeita de contamina\u00e7\u00e3o por coronav\u00edrus da\u00a0paciente com sintomas respirat\u00f3rios admitida no Hospital Geral Prado Valadares, em Jequi\u00e9, na \u00faltima segunda-feira (24).<\/p>\n<p>De acordo com a nota, a paciente fez viagem recente ao norte da It\u00e1lia (Siena), zona considerada de risco para transmiss\u00e3o do coronav\u00edrus COVID-19, no \u00faltimo dia 14 de fevereiro, seguida de aparecimento de quadro gripal em 20 fevereiro.<\/p>\n<p>A paciente permaneceu em isolamento de precau\u00e7\u00e3o, desde seu atendimento na emerg\u00eancia, tendo sido confirmado pelo LACEN-BA infe\u00e7\u00e3o pelo v\u00edrus da influenza A, excluindo portanto infec\u00e7\u00e3o por COVID-19.<\/p>\n<p>CASO SUSPEITO EM ITABUNA<\/p>\n<p>Outro caso suspeito de coronav\u00edrus no interior da Bahia foi registrado em Itabuna, no Sul do Estado. Uma crian\u00e7a que esteve recentemente em viagem pela Europa, juntamente com a fam\u00edlia, apresentou alguns sintomas, mas nada foi confirmado.<\/p>\n<p>O paciente est\u00e1 em isolamento na Santa Casa, mas passa bem. Material recolhido j\u00e1 foi encaminhado para o LACEM, em Salvador, para an\u00e1lise.<\/p>\n<p><strong><em>Reda\u00e7\u00e3o SH<\/em><\/strong><\/p>\n","protected":false},"excerpt":{"rendered":"<p>A Secretaria da Sa\u00fade do Estado (Sesab) descartou a suspeita de contamina\u00e7\u00e3o por coronav\u00edrus da\u00a0paciente com sintomas respirat\u00f3rios admitida no Hospital Geral Prado Valadares, em Jequi\u00e9, na \u00faltima segunda-feira (24). De acordo com a nota, a paciente fez viagem recente ao norte da It\u00e1lia (Siena), zona considerada de risco para transmiss\u00e3o do coronav\u00edrus COVID-19, no [&hellip;]<\/p>\n","protected":false},"author":2,"featured_media":85102,"comment_status":"open","ping_status":"open","sticky":false,"template":"","format":"standard","meta":{"footnotes":"","_links_to":"","_links_to_target":""},"categories":[1],"tags":[],"class_list":["post-85101","post","type-post","status-publish","format-standard","has-post-thumbnail","hentry","category-geral"],"views":779,"_links":{"self":[{"href":"https:\/\/www.sudoestehoje.com.br\/novoportal\/wp-json\/wp\/v2\/posts\/85101","targetHints":{"allow":["GET"]}}],"collection":[{"href":"https:\/\/www.sudoestehoje.com.br\/novoportal\/wp-json\/wp\/v2\/posts"}],"about":[{"href":"https:\/\/www.sudoestehoje.com.br\/novoportal\/wp-json\/wp\/v2\/types\/post"}],"author":[{"embeddable":true,"href":"https:\/\/www.sudoestehoje.com.br\/novoportal\/wp-json\/wp\/v2\/users\/2"}],"replies":[{"embeddable":true,"href":"https:\/\/www.sudoestehoje.com.br\/novoportal\/wp-json\/wp\/v2\/comments?post=85101"}],"version-history":[{"count":2,"href":"https:\/\/www.sudoestehoje.com.br\/novoportal\/wp-json\/wp\/v2\/posts\/85101\/revisions"}],"predecessor-version":[{"id":85104,"href":"https:\/\/www.sudoestehoje.com.br\/novoportal\/wp-json\/wp\/v2\/posts\/85101\/revisions\/85104"}],"wp:featuredmedia":[{"embeddable":true,"href":"https:\/\/www.sudoestehoje.com.br\/novoportal\/wp-json\/wp\/v2\/media\/85102"}],"wp:attachment":[{"href":"https:\/\/www.sudoestehoje.com.br\/novoportal\/wp-json\/wp\/v2\/media?parent=85101"}],"wp:term":[{"taxonomy":"category","embeddable":true,"href":"https:\/\/www.sudoestehoje.com.br\/novoportal\/wp-json\/wp\/v2\/categories?post=85101"},{"taxonomy":"post_tag","embeddable":true,"href":"https:\/\/www.sudoestehoje.com.br\/novoportal\/wp-json\/wp\/v2\/tags?post=85101"}],"curies":[{"name":"wp","href":"https:\/\/api.w.org\/{rel}","templated":true}]}}