
{"id":85092,"date":"2020-02-24T21:49:22","date_gmt":"2020-02-25T00:49:22","guid":{"rendered":"https:\/\/www.sudoestehoje.com.br\/novoportal\/?p=85092"},"modified":"2020-02-24T21:50:30","modified_gmt":"2020-02-25T00:50:30","slug":"morre-aos-69-anos-o-conhecido-caminhoneiro-israel-almeida","status":"publish","type":"post","link":"https:\/\/www.sudoestehoje.com.br\/novoportal\/2020\/02\/24\/morre-aos-69-anos-o-conhecido-caminhoneiro-israel-almeida\/","title":{"rendered":"MORRE, AOS 69 ANOS, O CONHECIDO CAMINHONEIRO ISRAEL ALMEIDA"},"content":{"rendered":"<p><a href=\"https:\/\/www.sudoestehoje.com.br\/novoportal\/wp-content\/uploads\/2020\/02\/israel-caminhoneiro.jpg\"><img loading=\"lazy\" decoding=\"async\" class=\"wp-image-85094 alignleft\" src=\"https:\/\/www.sudoestehoje.com.br\/novoportal\/wp-content\/uploads\/2020\/02\/israel-caminhoneiro-500x667.jpg\" alt=\"\" width=\"172\" height=\"230\" srcset=\"https:\/\/www.sudoestehoje.com.br\/novoportal\/wp-content\/uploads\/2020\/02\/israel-caminhoneiro-500x667.jpg 500w, https:\/\/www.sudoestehoje.com.br\/novoportal\/wp-content\/uploads\/2020\/02\/israel-caminhoneiro-675x900.jpg 675w, https:\/\/www.sudoestehoje.com.br\/novoportal\/wp-content\/uploads\/2020\/02\/israel-caminhoneiro.jpg 720w\" sizes=\"auto, (max-width: 172px) 100vw, 172px\" \/><\/a><\/p>\n<p>Faleceu, na madrugada desta segunda-feira (24), o conhecido caminhoneiro Israel Almeida, morador do bairro Recanto da Colina, em Itapetinga.<\/p>\n<p>Israel era condutor de gado atrav\u00e9s de caminh\u00e3o boiadeiro, e faleceu de causas naturais, no Hospital Cristo Redentor, aos 69 anos de idade.<\/p>\n<p>O corpo est\u00e1 sendo velado no cerimonial localizado na Av. Cinquenten\u00e1rio e dever\u00e1 ser sepultado na manh\u00e3 deste domingo.<\/p>\n<p>O Sudoeste Hoje manifesta o seu pesar pelo falecimento do amigo Israel, pessoa \u00edntegra e trabalhadora.<\/p>\n<p><strong><em>Davi Ferraz &#8211; Editor<\/em><\/strong><\/p>\n","protected":false},"excerpt":{"rendered":"<p>Faleceu, na madrugada desta segunda-feira (24), o conhecido caminhoneiro Israel Almeida, morador do bairro Recanto da Colina, em Itapetinga. Israel era condutor de gado atrav\u00e9s de caminh\u00e3o boiadeiro, e faleceu de causas naturais, no Hospital Cristo Redentor, aos 69 anos de idade. O corpo est\u00e1 sendo velado no cerimonial localizado na Av. Cinquenten\u00e1rio e dever\u00e1 [&hellip;]<\/p>\n","protected":false},"author":2,"featured_media":85094,"comment_status":"open","ping_status":"open","sticky":false,"template":"","format":"standard","meta":{"footnotes":"","_links_to":"","_links_to_target":""},"categories":[1],"tags":[],"class_list":["post-85092","post","type-post","status-publish","format-standard","has-post-thumbnail","hentry","category-geral"],"views":885,"_links":{"self":[{"href":"https:\/\/www.sudoestehoje.com.br\/novoportal\/wp-json\/wp\/v2\/posts\/85092","targetHints":{"allow":["GET"]}}],"collection":[{"href":"https:\/\/www.sudoestehoje.com.br\/novoportal\/wp-json\/wp\/v2\/posts"}],"about":[{"href":"https:\/\/www.sudoestehoje.com.br\/novoportal\/wp-json\/wp\/v2\/types\/post"}],"author":[{"embeddable":true,"href":"https:\/\/www.sudoestehoje.com.br\/novoportal\/wp-json\/wp\/v2\/users\/2"}],"replies":[{"embeddable":true,"href":"https:\/\/www.sudoestehoje.com.br\/novoportal\/wp-json\/wp\/v2\/comments?post=85092"}],"version-history":[{"count":5,"href":"https:\/\/www.sudoestehoje.com.br\/novoportal\/wp-json\/wp\/v2\/posts\/85092\/revisions"}],"predecessor-version":[{"id":85097,"href":"https:\/\/www.sudoestehoje.com.br\/novoportal\/wp-json\/wp\/v2\/posts\/85092\/revisions\/85097"}],"wp:featuredmedia":[{"embeddable":true,"href":"https:\/\/www.sudoestehoje.com.br\/novoportal\/wp-json\/wp\/v2\/media\/85094"}],"wp:attachment":[{"href":"https:\/\/www.sudoestehoje.com.br\/novoportal\/wp-json\/wp\/v2\/media?parent=85092"}],"wp:term":[{"taxonomy":"category","embeddable":true,"href":"https:\/\/www.sudoestehoje.com.br\/novoportal\/wp-json\/wp\/v2\/categories?post=85092"},{"taxonomy":"post_tag","embeddable":true,"href":"https:\/\/www.sudoestehoje.com.br\/novoportal\/wp-json\/wp\/v2\/tags?post=85092"}],"curies":[{"name":"wp","href":"https:\/\/api.w.org\/{rel}","templated":true}]}}