
{"id":85083,"date":"2020-02-22T20:51:10","date_gmt":"2020-02-22T23:51:10","guid":{"rendered":"https:\/\/www.sudoestehoje.com.br\/novoportal\/?p=85083"},"modified":"2020-02-22T20:51:10","modified_gmt":"2020-02-22T23:51:10","slug":"colisao-entre-carretas-na-br-116-provoca-incendio-e-deixa-um-morto-e-2-feridos","status":"publish","type":"post","link":"https:\/\/www.sudoestehoje.com.br\/novoportal\/2020\/02\/22\/colisao-entre-carretas-na-br-116-provoca-incendio-e-deixa-um-morto-e-2-feridos\/","title":{"rendered":"COLIS\u00c3O ENTRE CARRETAS NA BR-116 PROVOCA INC\u00caNDIO E DEIXA UM MORTO E 2 FERIDOS"},"content":{"rendered":"<p><a href=\"https:\/\/www.sudoestehoje.com.br\/novoportal\/wp-content\/uploads\/2020\/02\/explos\u00e3o-now-br.jpg\"><img loading=\"lazy\" decoding=\"async\" class=\"aligncenter size-medium wp-image-85085\" src=\"https:\/\/www.sudoestehoje.com.br\/novoportal\/wp-content\/uploads\/2020\/02\/explos\u00e3o-now-br-500x330.jpg\" alt=\"\" width=\"500\" height=\"330\" \/><\/a><\/p>\n<p>Uma grave colis\u00e3o no entroncamento de Brej\u00f5es, pr\u00f3ximo a cidade de Jequi\u00e9, fez uma v\u00edtima fatal e deixou outros dois feridos na BR-116, na tarde deste s\u00e1bado (22).<\/p>\n<p>A colis\u00e3o ocorreu entre duas carretas. Com a batida, os ve\u00edculos pegaram fogo. O motorista de uma das carretas, identificado como Jos\u00e9 Aparecido da Silva sofreu ferimentos leves. J\u00e1 o carona, identificado como Josenir Paulo dos Santos, morreu na hora.<\/p>\n<p>O motorista do outro ve\u00edculo, Eduardo Henrique de Carvalho, tamb\u00e9m sofreu ferimentos leves.<\/p>\n<p>A pista ficou parcialmente interditada durante a tarde. <em>\/\/VCA<\/em><\/p>\n","protected":false},"excerpt":{"rendered":"<p>Uma grave colis\u00e3o no entroncamento de Brej\u00f5es, pr\u00f3ximo a cidade de Jequi\u00e9, fez uma v\u00edtima fatal e deixou outros dois feridos na BR-116, na tarde deste s\u00e1bado (22). A colis\u00e3o ocorreu entre duas carretas. Com a batida, os ve\u00edculos pegaram fogo. O motorista de uma das carretas, identificado como Jos\u00e9 Aparecido da Silva sofreu ferimentos [&hellip;]<\/p>\n","protected":false},"author":2,"featured_media":85085,"comment_status":"open","ping_status":"open","sticky":false,"template":"","format":"standard","meta":{"footnotes":"","_links_to":"","_links_to_target":""},"categories":[1],"tags":[],"class_list":["post-85083","post","type-post","status-publish","format-standard","has-post-thumbnail","hentry","category-geral"],"views":741,"_links":{"self":[{"href":"https:\/\/www.sudoestehoje.com.br\/novoportal\/wp-json\/wp\/v2\/posts\/85083","targetHints":{"allow":["GET"]}}],"collection":[{"href":"https:\/\/www.sudoestehoje.com.br\/novoportal\/wp-json\/wp\/v2\/posts"}],"about":[{"href":"https:\/\/www.sudoestehoje.com.br\/novoportal\/wp-json\/wp\/v2\/types\/post"}],"author":[{"embeddable":true,"href":"https:\/\/www.sudoestehoje.com.br\/novoportal\/wp-json\/wp\/v2\/users\/2"}],"replies":[{"embeddable":true,"href":"https:\/\/www.sudoestehoje.com.br\/novoportal\/wp-json\/wp\/v2\/comments?post=85083"}],"version-history":[{"count":2,"href":"https:\/\/www.sudoestehoje.com.br\/novoportal\/wp-json\/wp\/v2\/posts\/85083\/revisions"}],"predecessor-version":[{"id":85086,"href":"https:\/\/www.sudoestehoje.com.br\/novoportal\/wp-json\/wp\/v2\/posts\/85083\/revisions\/85086"}],"wp:featuredmedia":[{"embeddable":true,"href":"https:\/\/www.sudoestehoje.com.br\/novoportal\/wp-json\/wp\/v2\/media\/85085"}],"wp:attachment":[{"href":"https:\/\/www.sudoestehoje.com.br\/novoportal\/wp-json\/wp\/v2\/media?parent=85083"}],"wp:term":[{"taxonomy":"category","embeddable":true,"href":"https:\/\/www.sudoestehoje.com.br\/novoportal\/wp-json\/wp\/v2\/categories?post=85083"},{"taxonomy":"post_tag","embeddable":true,"href":"https:\/\/www.sudoestehoje.com.br\/novoportal\/wp-json\/wp\/v2\/tags?post=85083"}],"curies":[{"name":"wp","href":"https:\/\/api.w.org\/{rel}","templated":true}]}}