
{"id":85067,"date":"2020-02-20T20:04:26","date_gmt":"2020-02-20T23:04:26","guid":{"rendered":"https:\/\/www.sudoestehoje.com.br\/novoportal\/?p=85067"},"modified":"2020-02-20T20:05:21","modified_gmt":"2020-02-20T23:05:21","slug":"itapetinga-vereador-marcio-piu-anuncia-que-nao-vai-concorrer-a-reeleicao","status":"publish","type":"post","link":"https:\/\/www.sudoestehoje.com.br\/novoportal\/2020\/02\/20\/itapetinga-vereador-marcio-piu-anuncia-que-nao-vai-concorrer-a-reeleicao\/","title":{"rendered":"ITAPETINGA: VEREADOR M\u00c1RCIO PIU ANUNCIA QUE N\u00c3O VAI CONCORRER \u00c0 REELEI\u00c7\u00c3O"},"content":{"rendered":"<p><a href=\"https:\/\/www.sudoestehoje.com.br\/novoportal\/wp-content\/uploads\/2020\/02\/piu-2.jpg\"><img loading=\"lazy\" decoding=\"async\" class=\"aligncenter size-medium wp-image-85070\" src=\"https:\/\/www.sudoestehoje.com.br\/novoportal\/wp-content\/uploads\/2020\/02\/piu-2-500x375.jpg\" alt=\"\" width=\"500\" height=\"375\" srcset=\"https:\/\/www.sudoestehoje.com.br\/novoportal\/wp-content\/uploads\/2020\/02\/piu-2-500x375.jpg 500w, https:\/\/www.sudoestehoje.com.br\/novoportal\/wp-content\/uploads\/2020\/02\/piu-2-768x576.jpg 768w, https:\/\/www.sudoestehoje.com.br\/novoportal\/wp-content\/uploads\/2020\/02\/piu-2-700x525.jpg 700w, https:\/\/www.sudoestehoje.com.br\/novoportal\/wp-content\/uploads\/2020\/02\/piu-2.jpg 1280w\" sizes=\"auto, (max-width: 500px) 100vw, 500px\" \/><\/a><\/p>\n<p>Na sess\u00e3o legislativa desta quinta-feira (20) da C\u00e2mara Municipal, o vereador M\u00e1rcio Piu (PSC) anunciou que n\u00e3o vai mais concorrer \u00e0 reelei\u00e7\u00e3o, no pleito de outubro.<\/p>\n<p>Sem dizer as raz\u00f5es da sua desist\u00eancia, o\u00a0 vereador agradeceu aos seus eleitores, elogiou a atual Mesa Diretora da C\u00e2mara e afirmou que tem a consci\u00eancia tranquila pelo trabalho que vem realizado no decurso do seu mandato.<\/p>\n<p>Durante os \u00faltimos tr\u00eas anos de mandato, o vereador assumiu postura oposicionista \u00e0 gest\u00e3o do prefeito Rodrigo Hagge, mas demonstrou boa vontade nas negocia\u00e7\u00f5es para aprova\u00e7\u00e3o de importantes projetos de autoria do executivo.<\/p>\n<p>No final da sua fala, o vereador foi aplaudido pelo p\u00fablico presente e demais vereadores.<\/p>\n<p><strong><em>Por Davi Ferraz\u00a0<\/em><\/strong><\/p>\n","protected":false},"excerpt":{"rendered":"<p>Na sess\u00e3o legislativa desta quinta-feira (20) da C\u00e2mara Municipal, o vereador M\u00e1rcio Piu (PSC) anunciou que n\u00e3o vai mais concorrer \u00e0 reelei\u00e7\u00e3o, no pleito de outubro. Sem dizer as raz\u00f5es da sua desist\u00eancia, o\u00a0 vereador agradeceu aos seus eleitores, elogiou a atual Mesa Diretora da C\u00e2mara e afirmou que tem a consci\u00eancia tranquila pelo trabalho [&hellip;]<\/p>\n","protected":false},"author":2,"featured_media":85070,"comment_status":"open","ping_status":"open","sticky":false,"template":"","format":"standard","meta":{"footnotes":"","_links_to":"","_links_to_target":""},"categories":[1],"tags":[],"class_list":["post-85067","post","type-post","status-publish","format-standard","has-post-thumbnail","hentry","category-geral"],"views":1115,"_links":{"self":[{"href":"https:\/\/www.sudoestehoje.com.br\/novoportal\/wp-json\/wp\/v2\/posts\/85067","targetHints":{"allow":["GET"]}}],"collection":[{"href":"https:\/\/www.sudoestehoje.com.br\/novoportal\/wp-json\/wp\/v2\/posts"}],"about":[{"href":"https:\/\/www.sudoestehoje.com.br\/novoportal\/wp-json\/wp\/v2\/types\/post"}],"author":[{"embeddable":true,"href":"https:\/\/www.sudoestehoje.com.br\/novoportal\/wp-json\/wp\/v2\/users\/2"}],"replies":[{"embeddable":true,"href":"https:\/\/www.sudoestehoje.com.br\/novoportal\/wp-json\/wp\/v2\/comments?post=85067"}],"version-history":[{"count":3,"href":"https:\/\/www.sudoestehoje.com.br\/novoportal\/wp-json\/wp\/v2\/posts\/85067\/revisions"}],"predecessor-version":[{"id":85071,"href":"https:\/\/www.sudoestehoje.com.br\/novoportal\/wp-json\/wp\/v2\/posts\/85067\/revisions\/85071"}],"wp:featuredmedia":[{"embeddable":true,"href":"https:\/\/www.sudoestehoje.com.br\/novoportal\/wp-json\/wp\/v2\/media\/85070"}],"wp:attachment":[{"href":"https:\/\/www.sudoestehoje.com.br\/novoportal\/wp-json\/wp\/v2\/media?parent=85067"}],"wp:term":[{"taxonomy":"category","embeddable":true,"href":"https:\/\/www.sudoestehoje.com.br\/novoportal\/wp-json\/wp\/v2\/categories?post=85067"},{"taxonomy":"post_tag","embeddable":true,"href":"https:\/\/www.sudoestehoje.com.br\/novoportal\/wp-json\/wp\/v2\/tags?post=85067"}],"curies":[{"name":"wp","href":"https:\/\/api.w.org\/{rel}","templated":true}]}}