
{"id":85019,"date":"2020-02-18T08:52:13","date_gmt":"2020-02-18T11:52:13","guid":{"rendered":"https:\/\/www.sudoestehoje.com.br\/novoportal\/?p=85019"},"modified":"2020-02-18T08:52:13","modified_gmt":"2020-02-18T11:52:13","slug":"heraldo-rocha-deixa-presidencia-do-dem-para-disputar-prefeitura-de-macarani","status":"publish","type":"post","link":"https:\/\/www.sudoestehoje.com.br\/novoportal\/2020\/02\/18\/heraldo-rocha-deixa-presidencia-do-dem-para-disputar-prefeitura-de-macarani\/","title":{"rendered":"HERALDO ROCHA DEIXA PRESID\u00caNCIA DO DEM PARA DISPUTAR PREFEITURA DE MACARANI"},"content":{"rendered":"<p><a href=\"https:\/\/www.sudoestehoje.com.br\/novoportal\/wp-content\/uploads\/2020\/02\/HERALDO-MACARANI.jpg\"><img loading=\"lazy\" decoding=\"async\" class=\"aligncenter size-medium wp-image-85024\" src=\"https:\/\/www.sudoestehoje.com.br\/novoportal\/wp-content\/uploads\/2020\/02\/HERALDO-MACARANI-500x359.jpg\" alt=\"\" width=\"500\" height=\"359\" srcset=\"https:\/\/www.sudoestehoje.com.br\/novoportal\/wp-content\/uploads\/2020\/02\/HERALDO-MACARANI-500x359.jpg 500w, https:\/\/www.sudoestehoje.com.br\/novoportal\/wp-content\/uploads\/2020\/02\/HERALDO-MACARANI.jpg 540w\" sizes=\"auto, (max-width: 500px) 100vw, 500px\" \/><\/a><\/p>\n<p>SALVADOR &#8211; O ex-deputado Heraldo Rocha deixou a presid\u00eancia municipal do Democratas de Salvador para disputar a Prefeitura de Macarani nas elei\u00e7\u00f5es deste ano. Rocha tem na cidade do centro-sul baiano uma de suas principais bases e aposta na sua popularidade e no apoio de diversas lideran\u00e7as do munic\u00edpio para fortalecer sua pr\u00e9-candidatura e disputar a elei\u00e7\u00e3o contra o prefeito<br \/>\nMiller Ferraz.<\/p>\n<p>Heraldo Rocha ser\u00e1 substitu\u00eddo na presid\u00eancia do partido em Salvador pelo vereador Duda Sanches. Educa\u00e7\u00e3o e sa\u00fade est\u00e3o entre as principais bandeiras defendidas por Rocha. Ele aposta justamente em problemas da gest\u00e3o atual nestas duas \u00e1reas para derrotar o prefeito. Recentemente, os professores da rede municipal anunciaram uma greve por conta da di\u00e1logo da gest\u00e3o em torno de demandas como o reajuste salarial e condi\u00e7\u00f5es de trabalho.<\/p>\n<p>&#8220;Coloquei meu nome \u00e0 disposi\u00e7\u00e3o e, agora, vou passar a atuar mais fortemente buscando dialogar com as lideran\u00e7as, com a popula\u00e7\u00e3o de maneira geral. Pretendo apresentar os principais problemas da atual gest\u00e3o e buscar solu\u00e7\u00f5es, especialmente para os servi\u00e7os p\u00fablicos essenciais, como sa\u00fade e educa\u00e7\u00e3o&#8221;, frisou Rocha.<\/p>\n<p>Ao <strong><em>Sudoeste Hoje<\/em><\/strong>, o ex-deputado informou que ir\u00e1 transferir o seu domic\u00edlio eleitoral para Macarani, at\u00e9 a data limite prevista na legisla\u00e7\u00e3o eleitoral, que \u00e9 de seis meses antes do pleito de outubro (4 de abril).<\/p>\n","protected":false},"excerpt":{"rendered":"<p>SALVADOR &#8211; O ex-deputado Heraldo Rocha deixou a presid\u00eancia municipal do Democratas de Salvador para disputar a Prefeitura de Macarani nas elei\u00e7\u00f5es deste ano. Rocha tem na cidade do centro-sul baiano uma de suas principais bases e aposta na sua popularidade e no apoio de diversas lideran\u00e7as do munic\u00edpio para fortalecer sua pr\u00e9-candidatura e disputar [&hellip;]<\/p>\n","protected":false},"author":2,"featured_media":85024,"comment_status":"open","ping_status":"open","sticky":false,"template":"","format":"standard","meta":{"footnotes":"","_links_to":"","_links_to_target":""},"categories":[1],"tags":[],"class_list":["post-85019","post","type-post","status-publish","format-standard","has-post-thumbnail","hentry","category-geral"],"views":773,"_links":{"self":[{"href":"https:\/\/www.sudoestehoje.com.br\/novoportal\/wp-json\/wp\/v2\/posts\/85019","targetHints":{"allow":["GET"]}}],"collection":[{"href":"https:\/\/www.sudoestehoje.com.br\/novoportal\/wp-json\/wp\/v2\/posts"}],"about":[{"href":"https:\/\/www.sudoestehoje.com.br\/novoportal\/wp-json\/wp\/v2\/types\/post"}],"author":[{"embeddable":true,"href":"https:\/\/www.sudoestehoje.com.br\/novoportal\/wp-json\/wp\/v2\/users\/2"}],"replies":[{"embeddable":true,"href":"https:\/\/www.sudoestehoje.com.br\/novoportal\/wp-json\/wp\/v2\/comments?post=85019"}],"version-history":[{"count":5,"href":"https:\/\/www.sudoestehoje.com.br\/novoportal\/wp-json\/wp\/v2\/posts\/85019\/revisions"}],"predecessor-version":[{"id":85025,"href":"https:\/\/www.sudoestehoje.com.br\/novoportal\/wp-json\/wp\/v2\/posts\/85019\/revisions\/85025"}],"wp:featuredmedia":[{"embeddable":true,"href":"https:\/\/www.sudoestehoje.com.br\/novoportal\/wp-json\/wp\/v2\/media\/85024"}],"wp:attachment":[{"href":"https:\/\/www.sudoestehoje.com.br\/novoportal\/wp-json\/wp\/v2\/media?parent=85019"}],"wp:term":[{"taxonomy":"category","embeddable":true,"href":"https:\/\/www.sudoestehoje.com.br\/novoportal\/wp-json\/wp\/v2\/categories?post=85019"},{"taxonomy":"post_tag","embeddable":true,"href":"https:\/\/www.sudoestehoje.com.br\/novoportal\/wp-json\/wp\/v2\/tags?post=85019"}],"curies":[{"name":"wp","href":"https:\/\/api.w.org\/{rel}","templated":true}]}}