
{"id":85013,"date":"2020-02-17T10:58:54","date_gmt":"2020-02-17T13:58:54","guid":{"rendered":"https:\/\/www.sudoestehoje.com.br\/novoportal\/?p=85013"},"modified":"2020-02-17T10:58:54","modified_gmt":"2020-02-17T13:58:54","slug":"prefeito-rodrigo-hagge-autoriza-reajuste-de-1284-para-professores-da-rede-municipal","status":"publish","type":"post","link":"https:\/\/www.sudoestehoje.com.br\/novoportal\/2020\/02\/17\/prefeito-rodrigo-hagge-autoriza-reajuste-de-1284-para-professores-da-rede-municipal\/","title":{"rendered":"PREFEITO RODRIGO HAGGE AUTORIZA REAJUSTE DE 12,84% PARA PROFESSORES DA REDE MUNICIPAL"},"content":{"rendered":"<p><a href=\"https:\/\/www.sudoestehoje.com.br\/novoportal\/wp-content\/uploads\/2020\/02\/prof-1.jpg\"><img loading=\"lazy\" decoding=\"async\" class=\"aligncenter size-medium wp-image-85017\" src=\"https:\/\/www.sudoestehoje.com.br\/novoportal\/wp-content\/uploads\/2020\/02\/prof-1-500x333.jpg\" alt=\"\" width=\"500\" height=\"333\" srcset=\"https:\/\/www.sudoestehoje.com.br\/novoportal\/wp-content\/uploads\/2020\/02\/prof-1-500x333.jpg 500w, https:\/\/www.sudoestehoje.com.br\/novoportal\/wp-content\/uploads\/2020\/02\/prof-1.jpg 626w\" sizes=\"auto, (max-width: 500px) 100vw, 500px\" \/><\/a><\/p>\n<p>A educa\u00e7\u00e3o de Itapetinga tem avan\u00e7ado. E n\u00e3o se faz uma cidade educadora sem valoriza\u00e7\u00e3o dos professores. Por isso, a prefeitura autorizou o reajuste de 12,84% para os profissionais da rede.<\/p>\n<p>Buscando manter o equil\u00edbrio e a sa\u00fade financeira do munic\u00edpio, a proposta da administra\u00e7\u00e3o \u00e9 fazer o parcelamento de abril a setembro at\u00e9 alcan\u00e7ar o percentual sugerido.<\/p>\n<p>Os docentes de Itapetinga t\u00eam recebido aten\u00e7\u00e3o especial. Na atual gest\u00e3o, mais de meio milh\u00e3o de reais foi investido para, em conv\u00eanio com a Uesb, oferecer mestrado para 20 professores da rede.<\/p>\n<p>Neste ano, ap\u00f3s a conclus\u00e3o do curso, Itapetinga se tornar\u00e1 a cidade do interior do estado com mais mestres atuando na rede municipal.<em> \/\/Ascom<\/em><\/p>\n","protected":false},"excerpt":{"rendered":"<p>A educa\u00e7\u00e3o de Itapetinga tem avan\u00e7ado. E n\u00e3o se faz uma cidade educadora sem valoriza\u00e7\u00e3o dos professores. Por isso, a prefeitura autorizou o reajuste de 12,84% para os profissionais da rede. Buscando manter o equil\u00edbrio e a sa\u00fade financeira do munic\u00edpio, a proposta da administra\u00e7\u00e3o \u00e9 fazer o parcelamento de abril a setembro at\u00e9 alcan\u00e7ar [&hellip;]<\/p>\n","protected":false},"author":2,"featured_media":85017,"comment_status":"open","ping_status":"open","sticky":false,"template":"","format":"standard","meta":{"footnotes":"","_links_to":"","_links_to_target":""},"categories":[1],"tags":[],"class_list":["post-85013","post","type-post","status-publish","format-standard","has-post-thumbnail","hentry","category-geral"],"views":694,"_links":{"self":[{"href":"https:\/\/www.sudoestehoje.com.br\/novoportal\/wp-json\/wp\/v2\/posts\/85013","targetHints":{"allow":["GET"]}}],"collection":[{"href":"https:\/\/www.sudoestehoje.com.br\/novoportal\/wp-json\/wp\/v2\/posts"}],"about":[{"href":"https:\/\/www.sudoestehoje.com.br\/novoportal\/wp-json\/wp\/v2\/types\/post"}],"author":[{"embeddable":true,"href":"https:\/\/www.sudoestehoje.com.br\/novoportal\/wp-json\/wp\/v2\/users\/2"}],"replies":[{"embeddable":true,"href":"https:\/\/www.sudoestehoje.com.br\/novoportal\/wp-json\/wp\/v2\/comments?post=85013"}],"version-history":[{"count":4,"href":"https:\/\/www.sudoestehoje.com.br\/novoportal\/wp-json\/wp\/v2\/posts\/85013\/revisions"}],"predecessor-version":[{"id":85018,"href":"https:\/\/www.sudoestehoje.com.br\/novoportal\/wp-json\/wp\/v2\/posts\/85013\/revisions\/85018"}],"wp:featuredmedia":[{"embeddable":true,"href":"https:\/\/www.sudoestehoje.com.br\/novoportal\/wp-json\/wp\/v2\/media\/85017"}],"wp:attachment":[{"href":"https:\/\/www.sudoestehoje.com.br\/novoportal\/wp-json\/wp\/v2\/media?parent=85013"}],"wp:term":[{"taxonomy":"category","embeddable":true,"href":"https:\/\/www.sudoestehoje.com.br\/novoportal\/wp-json\/wp\/v2\/categories?post=85013"},{"taxonomy":"post_tag","embeddable":true,"href":"https:\/\/www.sudoestehoje.com.br\/novoportal\/wp-json\/wp\/v2\/tags?post=85013"}],"curies":[{"name":"wp","href":"https:\/\/api.w.org\/{rel}","templated":true}]}}