
{"id":85003,"date":"2020-02-17T09:27:27","date_gmt":"2020-02-17T12:27:27","guid":{"rendered":"https:\/\/www.sudoestehoje.com.br\/novoportal\/?p=85003"},"modified":"2020-02-17T09:46:03","modified_gmt":"2020-02-17T12:46:03","slug":"regiao-moradores-bloqueiam-rodovia-maiquinique-itapetinga-estrada-esta-abandonada","status":"publish","type":"post","link":"https:\/\/www.sudoestehoje.com.br\/novoportal\/2020\/02\/17\/regiao-moradores-bloqueiam-rodovia-maiquinique-itapetinga-estrada-esta-abandonada\/","title":{"rendered":"REGI\u00c3O: MORADORES BLOQUEIAM RODOVIA MAIQUINIQUE &#8211; ITAPETINGA; ESTRADA EST\u00c1 ABANDONADA"},"content":{"rendered":"<p><a href=\"https:\/\/www.sudoestehoje.com.br\/novoportal\/wp-content\/uploads\/2020\/02\/bloq-2.jpg\"><img loading=\"lazy\" decoding=\"async\" class=\"aligncenter size-medium wp-image-85006\" src=\"https:\/\/www.sudoestehoje.com.br\/novoportal\/wp-content\/uploads\/2020\/02\/bloq-2-500x375.jpg\" alt=\"\" width=\"500\" height=\"375\" srcset=\"https:\/\/www.sudoestehoje.com.br\/novoportal\/wp-content\/uploads\/2020\/02\/bloq-2-500x375.jpg 500w, https:\/\/www.sudoestehoje.com.br\/novoportal\/wp-content\/uploads\/2020\/02\/bloq-2-768x576.jpg 768w, https:\/\/www.sudoestehoje.com.br\/novoportal\/wp-content\/uploads\/2020\/02\/bloq-2-700x525.jpg 700w, https:\/\/www.sudoestehoje.com.br\/novoportal\/wp-content\/uploads\/2020\/02\/bloq-2.jpg 1280w\" sizes=\"auto, (max-width: 500px) 100vw, 500px\" \/><\/a><\/p>\n<p>Um grupo de moradores de Maiquinique e regi\u00e3o bloqueou, na manh\u00e3 desta segunda-feira (17), trecho da BA-270, ligando a cidade ao trevo do Manjerona, que est\u00e1 completamente esburacado, sem condi\u00e7\u00f5es de tr\u00e1fego.<\/p>\n<p>Em meados do ano passado, o governador inaugurou o trecho entre Maiquinique e Itarantim, deixando a parte principal, entre Maiquinique e Itapetinga, totalmente abandonado.<\/p>\n<p><a href=\"https:\/\/www.sudoestehoje.com.br\/novoportal\/wp-content\/uploads\/2020\/02\/bloq-1.jpg\"><img loading=\"lazy\" decoding=\"async\" class=\"aligncenter size-medium wp-image-85005\" src=\"https:\/\/www.sudoestehoje.com.br\/novoportal\/wp-content\/uploads\/2020\/02\/bloq-1-500x250.jpg\" alt=\"\" width=\"500\" height=\"250\" srcset=\"https:\/\/www.sudoestehoje.com.br\/novoportal\/wp-content\/uploads\/2020\/02\/bloq-1-500x250.jpg 500w, https:\/\/www.sudoestehoje.com.br\/novoportal\/wp-content\/uploads\/2020\/02\/bloq-1-768x384.jpg 768w, https:\/\/www.sudoestehoje.com.br\/novoportal\/wp-content\/uploads\/2020\/02\/bloq-1-700x350.jpg 700w, https:\/\/www.sudoestehoje.com.br\/novoportal\/wp-content\/uploads\/2020\/02\/bloq-1.jpg 1160w\" sizes=\"auto, (max-width: 500px) 100vw, 500px\" \/><\/a><\/p>\n<p>Na inaugura\u00e7\u00e3o, o pr\u00f3prio Rui Costa garantiu que no dia seguinte come\u00e7aria a recupera\u00e7\u00e3o da rodovia entre Itapetinga e Macarani, e que o trecho entre Maiquinique e Manjerona seria licitado. De l\u00e1 para c\u00e1, a \u00fanica interven\u00e7\u00e3o da Seinfra foi a retirada quase total do asfalto que existia, transformando a rodovia em <em>estada de ch\u00e3o.<\/em><\/p>\n<p>Hoje a rodovia amanheceu bloqueada pelos moradores e fazendeiros da regi\u00e3o, numa tentativa de chamar \u00e0 aten\u00e7\u00e3o do governo.<\/p>\n<p><a href=\"https:\/\/www.sudoestehoje.com.br\/novoportal\/wp-content\/uploads\/2020\/02\/bloq-3.jpg\"><img loading=\"lazy\" decoding=\"async\" class=\"aligncenter size-medium wp-image-85007\" src=\"https:\/\/www.sudoestehoje.com.br\/novoportal\/wp-content\/uploads\/2020\/02\/bloq-3-500x375.jpg\" alt=\"\" width=\"500\" height=\"375\" srcset=\"https:\/\/www.sudoestehoje.com.br\/novoportal\/wp-content\/uploads\/2020\/02\/bloq-3-500x375.jpg 500w, https:\/\/www.sudoestehoje.com.br\/novoportal\/wp-content\/uploads\/2020\/02\/bloq-3-768x576.jpg 768w, https:\/\/www.sudoestehoje.com.br\/novoportal\/wp-content\/uploads\/2020\/02\/bloq-3-700x525.jpg 700w, https:\/\/www.sudoestehoje.com.br\/novoportal\/wp-content\/uploads\/2020\/02\/bloq-3.jpg 1280w\" sizes=\"auto, (max-width: 500px) 100vw, 500px\" \/><\/a><\/p>\n<p>Segundo a SEINFRA, a recupera\u00e7\u00e3o do trecho de 15 Km entre Maiquinique e Manjerona foi or\u00e7ado em R$ 15 milh\u00f5es, o que inviabiliza a obra. De acordo com um preposto do \u00f3rg\u00e3o, a rodovia \u00e9 estreita e vai precisar de alargamento, o que eleva os custos.<\/p>\n<p>Ser\u00e1 que faz?<\/p>\n<p><strong><em>Por Davi Ferraz<\/em><\/strong><\/p>\n","protected":false},"excerpt":{"rendered":"<p>Um grupo de moradores de Maiquinique e regi\u00e3o bloqueou, na manh\u00e3 desta segunda-feira (17), trecho da BA-270, ligando a cidade ao trevo do Manjerona, que est\u00e1 completamente esburacado, sem condi\u00e7\u00f5es de tr\u00e1fego. Em meados do ano passado, o governador inaugurou o trecho entre Maiquinique e Itarantim, deixando a parte principal, entre Maiquinique e Itapetinga, totalmente [&hellip;]<\/p>\n","protected":false},"author":2,"featured_media":85006,"comment_status":"open","ping_status":"open","sticky":false,"template":"","format":"standard","meta":{"footnotes":"","_links_to":"","_links_to_target":""},"categories":[1],"tags":[],"class_list":["post-85003","post","type-post","status-publish","format-standard","has-post-thumbnail","hentry","category-geral"],"views":1264,"_links":{"self":[{"href":"https:\/\/www.sudoestehoje.com.br\/novoportal\/wp-json\/wp\/v2\/posts\/85003","targetHints":{"allow":["GET"]}}],"collection":[{"href":"https:\/\/www.sudoestehoje.com.br\/novoportal\/wp-json\/wp\/v2\/posts"}],"about":[{"href":"https:\/\/www.sudoestehoje.com.br\/novoportal\/wp-json\/wp\/v2\/types\/post"}],"author":[{"embeddable":true,"href":"https:\/\/www.sudoestehoje.com.br\/novoportal\/wp-json\/wp\/v2\/users\/2"}],"replies":[{"embeddable":true,"href":"https:\/\/www.sudoestehoje.com.br\/novoportal\/wp-json\/wp\/v2\/comments?post=85003"}],"version-history":[{"count":6,"href":"https:\/\/www.sudoestehoje.com.br\/novoportal\/wp-json\/wp\/v2\/posts\/85003\/revisions"}],"predecessor-version":[{"id":85012,"href":"https:\/\/www.sudoestehoje.com.br\/novoportal\/wp-json\/wp\/v2\/posts\/85003\/revisions\/85012"}],"wp:featuredmedia":[{"embeddable":true,"href":"https:\/\/www.sudoestehoje.com.br\/novoportal\/wp-json\/wp\/v2\/media\/85006"}],"wp:attachment":[{"href":"https:\/\/www.sudoestehoje.com.br\/novoportal\/wp-json\/wp\/v2\/media?parent=85003"}],"wp:term":[{"taxonomy":"category","embeddable":true,"href":"https:\/\/www.sudoestehoje.com.br\/novoportal\/wp-json\/wp\/v2\/categories?post=85003"},{"taxonomy":"post_tag","embeddable":true,"href":"https:\/\/www.sudoestehoje.com.br\/novoportal\/wp-json\/wp\/v2\/tags?post=85003"}],"curies":[{"name":"wp","href":"https:\/\/api.w.org\/{rel}","templated":true}]}}