
{"id":84987,"date":"2020-02-15T21:57:17","date_gmt":"2020-02-16T00:57:17","guid":{"rendered":"https:\/\/www.sudoestehoje.com.br\/novoportal\/?p=84987"},"modified":"2020-02-15T22:18:47","modified_gmt":"2020-02-16T01:18:47","slug":"estrutura-metalica-de-sinalizacao-da-ba-263-em-frente-a-uesb-esta-prestes-a-desabar","status":"publish","type":"post","link":"https:\/\/www.sudoestehoje.com.br\/novoportal\/2020\/02\/15\/estrutura-metalica-de-sinalizacao-da-ba-263-em-frente-a-uesb-esta-prestes-a-desabar\/","title":{"rendered":"ESTRUTURA MET\u00c1LICA DE SINALIZA\u00c7\u00c3O DA BA-263 EM FRENTE \u00c0 UESB EST\u00c1 PRESTES A DESABAR"},"content":{"rendered":"<p><a href=\"https:\/\/www.sudoestehoje.com.br\/novoportal\/wp-content\/uploads\/2020\/02\/portico-2.jpg\"><img loading=\"lazy\" decoding=\"async\" class=\"aligncenter size-medium wp-image-84993\" src=\"https:\/\/www.sudoestehoje.com.br\/novoportal\/wp-content\/uploads\/2020\/02\/portico-2-500x375.jpg\" alt=\"\" width=\"500\" height=\"375\" srcset=\"https:\/\/www.sudoestehoje.com.br\/novoportal\/wp-content\/uploads\/2020\/02\/portico-2-500x375.jpg 500w, https:\/\/www.sudoestehoje.com.br\/novoportal\/wp-content\/uploads\/2020\/02\/portico-2-768x576.jpg 768w, https:\/\/www.sudoestehoje.com.br\/novoportal\/wp-content\/uploads\/2020\/02\/portico-2-700x525.jpg 700w, https:\/\/www.sudoestehoje.com.br\/novoportal\/wp-content\/uploads\/2020\/02\/portico-2.jpg 960w\" sizes=\"auto, (max-width: 500px) 100vw, 500px\" \/><\/a><\/p>\n<p>Um p\u00f3rtico met\u00e1lico utilizado para afixar sinaliza\u00e7\u00e3o na BA-263, localizado em frente ao campus da Uesb, em Itapetinga, est\u00e1 totalmente corro\u00eddo na sua base, e pode desabar a qualquer momento, com possibilidade de causar graves acidentes na rodovia.<\/p>\n<p>Fotos tiradas por moradores que fazem caminhadas pelo acostamento da rodovia, mostram a precariedade do equipamento, com parte da base <strong>corro\u00edda pela ferrugem<\/strong>, situa\u00e7\u00e3o que assusta quem passa pelo local.<\/p>\n<p><a href=\"https:\/\/www.sudoestehoje.com.br\/novoportal\/wp-content\/uploads\/2020\/02\/portico-3.jpg\"><img loading=\"lazy\" decoding=\"async\" class=\"aligncenter size-medium wp-image-84994\" src=\"https:\/\/www.sudoestehoje.com.br\/novoportal\/wp-content\/uploads\/2020\/02\/portico-3-500x667.jpg\" alt=\"\" width=\"500\" height=\"667\" srcset=\"https:\/\/www.sudoestehoje.com.br\/novoportal\/wp-content\/uploads\/2020\/02\/portico-3-500x667.jpg 500w, https:\/\/www.sudoestehoje.com.br\/novoportal\/wp-content\/uploads\/2020\/02\/portico-3-675x900.jpg 675w, https:\/\/www.sudoestehoje.com.br\/novoportal\/wp-content\/uploads\/2020\/02\/portico-3.jpg 720w\" sizes=\"auto, (max-width: 500px) 100vw, 500px\" \/><\/a><\/p>\n<p>De acordo com informa\u00e7\u00f5es colhidas pelo Sudoeste Hoje, o p\u00f3rtico foi instalado na primeira grande reforma da rodovia, realizada em 1979, ainda no governo Roberto Santos.<\/p>\n<p>De l\u00e1 para c\u00e1, a BA-263 recebeu alguns servi\u00e7os de manuten\u00e7\u00e3o e recupera\u00e7\u00e3o da pista, mas n\u00e3o h\u00e1 registro de manuten\u00e7\u00e3o da sinaliza\u00e7\u00e3o vertical.<\/p>\n<p>A responsabilidade pela manuten\u00e7\u00e3o da rodovia \u00e9 do Governo do Estado, atrav\u00e9s da SEINFRA.<strong><em> Confira fotos:<\/em><\/strong><\/p>\n\n\t\t<style type=\"text\/css\">\n\t\t\t#gallery-1 {\n\t\t\t\tmargin: auto;\n\t\t\t}\n\t\t\t#gallery-1 .gallery-item {\n\t\t\t\tfloat: left;\n\t\t\t\tmargin-top: 10px;\n\t\t\t\ttext-align: center;\n\t\t\t\twidth: 33%;\n\t\t\t}\n\t\t\t#gallery-1 img {\n\t\t\t\tborder: 2px solid #cfcfcf;\n\t\t\t}\n\t\t\t#gallery-1 .gallery-caption {\n\t\t\t\tmargin-left: 0;\n\t\t\t}\n\t\t\t\/* see gallery_shortcode() in wp-includes\/media.php *\/\n\t\t<\/style>\n\t\t<div id='gallery-1' class='gallery galleryid-84987 gallery-columns-3 gallery-size-thumbnail'><dl class='gallery-item'>\n\t\t\t<dt class='gallery-icon landscape'>\n\t\t\t\t<a href='https:\/\/www.sudoestehoje.com.br\/novoportal\/2020\/02\/15\/estrutura-metalica-de-sinalizacao-da-ba-263-em-frente-a-uesb-esta-prestes-a-desabar\/portico-1\/'><img loading=\"lazy\" decoding=\"async\" width=\"150\" height=\"150\" src=\"https:\/\/www.sudoestehoje.com.br\/novoportal\/wp-content\/uploads\/2020\/02\/portico-1-150x150.jpg\" class=\"attachment-thumbnail size-thumbnail\" alt=\"\" \/><\/a>\n\t\t\t<\/dt><\/dl><dl class='gallery-item'>\n\t\t\t<dt class='gallery-icon portrait'>\n\t\t\t\t<a href='https:\/\/www.sudoestehoje.com.br\/novoportal\/2020\/02\/15\/estrutura-metalica-de-sinalizacao-da-ba-263-em-frente-a-uesb-esta-prestes-a-desabar\/portico-5\/'><img loading=\"lazy\" decoding=\"async\" width=\"150\" height=\"150\" src=\"https:\/\/www.sudoestehoje.com.br\/novoportal\/wp-content\/uploads\/2020\/02\/portico-5-150x150.jpg\" class=\"attachment-thumbnail size-thumbnail\" alt=\"\" \/><\/a>\n\t\t\t<\/dt><\/dl><dl class='gallery-item'>\n\t\t\t<dt class='gallery-icon portrait'>\n\t\t\t\t<a href='https:\/\/www.sudoestehoje.com.br\/novoportal\/2020\/02\/15\/estrutura-metalica-de-sinalizacao-da-ba-263-em-frente-a-uesb-esta-prestes-a-desabar\/portico-4\/'><img loading=\"lazy\" decoding=\"async\" width=\"150\" height=\"150\" src=\"https:\/\/www.sudoestehoje.com.br\/novoportal\/wp-content\/uploads\/2020\/02\/portico-4-150x150.jpg\" class=\"attachment-thumbnail size-thumbnail\" alt=\"\" \/><\/a>\n\t\t\t<\/dt><\/dl><br style=\"clear: both\" \/>\n\t\t<\/div>\n\n<p><strong><em>Por Davi Ferraz<\/em><\/strong><\/p>\n","protected":false},"excerpt":{"rendered":"<p>Um p\u00f3rtico met\u00e1lico utilizado para afixar sinaliza\u00e7\u00e3o na BA-263, localizado em frente ao campus da Uesb, em Itapetinga, est\u00e1 totalmente corro\u00eddo na sua base, e pode desabar a qualquer momento, com possibilidade de causar graves acidentes na rodovia. Fotos tiradas por moradores que fazem caminhadas pelo acostamento da rodovia, mostram a precariedade do equipamento, com [&hellip;]<\/p>\n","protected":false},"author":2,"featured_media":84989,"comment_status":"open","ping_status":"open","sticky":false,"template":"","format":"standard","meta":{"footnotes":"","_links_to":"","_links_to_target":""},"categories":[1],"tags":[],"class_list":["post-84987","post","type-post","status-publish","format-standard","has-post-thumbnail","hentry","category-geral"],"views":917,"_links":{"self":[{"href":"https:\/\/www.sudoestehoje.com.br\/novoportal\/wp-json\/wp\/v2\/posts\/84987","targetHints":{"allow":["GET"]}}],"collection":[{"href":"https:\/\/www.sudoestehoje.com.br\/novoportal\/wp-json\/wp\/v2\/posts"}],"about":[{"href":"https:\/\/www.sudoestehoje.com.br\/novoportal\/wp-json\/wp\/v2\/types\/post"}],"author":[{"embeddable":true,"href":"https:\/\/www.sudoestehoje.com.br\/novoportal\/wp-json\/wp\/v2\/users\/2"}],"replies":[{"embeddable":true,"href":"https:\/\/www.sudoestehoje.com.br\/novoportal\/wp-json\/wp\/v2\/comments?post=84987"}],"version-history":[{"count":5,"href":"https:\/\/www.sudoestehoje.com.br\/novoportal\/wp-json\/wp\/v2\/posts\/84987\/revisions"}],"predecessor-version":[{"id":84997,"href":"https:\/\/www.sudoestehoje.com.br\/novoportal\/wp-json\/wp\/v2\/posts\/84987\/revisions\/84997"}],"wp:featuredmedia":[{"embeddable":true,"href":"https:\/\/www.sudoestehoje.com.br\/novoportal\/wp-json\/wp\/v2\/media\/84989"}],"wp:attachment":[{"href":"https:\/\/www.sudoestehoje.com.br\/novoportal\/wp-json\/wp\/v2\/media?parent=84987"}],"wp:term":[{"taxonomy":"category","embeddable":true,"href":"https:\/\/www.sudoestehoje.com.br\/novoportal\/wp-json\/wp\/v2\/categories?post=84987"},{"taxonomy":"post_tag","embeddable":true,"href":"https:\/\/www.sudoestehoje.com.br\/novoportal\/wp-json\/wp\/v2\/tags?post=84987"}],"curies":[{"name":"wp","href":"https:\/\/api.w.org\/{rel}","templated":true}]}}