
{"id":84980,"date":"2020-02-15T20:23:39","date_gmt":"2020-02-15T23:23:39","guid":{"rendered":"https:\/\/www.sudoestehoje.com.br\/novoportal\/?p=84980"},"modified":"2020-02-15T20:23:39","modified_gmt":"2020-02-15T23:23:39","slug":"heineken-anuncia-recall-de-lotes-apos-problema-com-garrafas-long-neck","status":"publish","type":"post","link":"https:\/\/www.sudoestehoje.com.br\/novoportal\/2020\/02\/15\/heineken-anuncia-recall-de-lotes-apos-problema-com-garrafas-long-neck\/","title":{"rendered":"HEINEKEN ANUNCIA RECALL DE LOTES AP\u00d3S PROBLEMA COM GARRAFAS LONG NECK"},"content":{"rendered":"<p><a href=\"https:\/\/www.sudoestehoje.com.br\/novoportal\/wp-content\/uploads\/2020\/02\/heineken-527x320-1.jpg\"><img loading=\"lazy\" decoding=\"async\" class=\"aligncenter size-medium wp-image-84982\" src=\"https:\/\/www.sudoestehoje.com.br\/novoportal\/wp-content\/uploads\/2020\/02\/heineken-527x320-1-500x304.jpg\" alt=\"\" width=\"500\" height=\"304\" srcset=\"https:\/\/www.sudoestehoje.com.br\/novoportal\/wp-content\/uploads\/2020\/02\/heineken-527x320-1-500x304.jpg 500w, https:\/\/www.sudoestehoje.com.br\/novoportal\/wp-content\/uploads\/2020\/02\/heineken-527x320-1.jpg 527w\" sizes=\"auto, (max-width: 500px) 100vw, 500px\" \/><\/a><\/p>\n<p>A Heineken anunciou uma a\u00e7\u00e3o de recall volunt\u00e1rio nesta sexta-feira (14). Os lotes iniciados pela letras CH das cervejas long neck de 330 ml apresentaram um defeito de fabrica\u00e7\u00e3o que pode fazer com que uma pequena lasca do bocal da garrafa se desprenda no momento da abertura.<\/p>\n<p>Os clientes podem solicitar reembolso ou a troca do produto atrav\u00e9s do Servi\u00e7o de Atendimento ao Consumidor (SAC) da empresa. De acordo com a cervejaria, apenas 0,3% do lote foi afetado pelo defeito.<\/p>\n<p>\u201cApesar da baixa probabilidade e do problema j\u00e1 ter sido solucionado, o Grupo Heineken no Brasil, decidiu realizar um recall volunt\u00e1rio\u201d, afirma a cervejaria em comunicado. A empresa ainda informa que os consumidores que optarem pela substitui\u00e7\u00e3o do produto receber\u00e3o 2 long necks a cada unidade do lote espec\u00edfico devolvida.<\/p>\n","protected":false},"excerpt":{"rendered":"<p>A Heineken anunciou uma a\u00e7\u00e3o de recall volunt\u00e1rio nesta sexta-feira (14). Os lotes iniciados pela letras CH das cervejas long neck de 330 ml apresentaram um defeito de fabrica\u00e7\u00e3o que pode fazer com que uma pequena lasca do bocal da garrafa se desprenda no momento da abertura. Os clientes podem solicitar reembolso ou a troca [&hellip;]<\/p>\n","protected":false},"author":2,"featured_media":84982,"comment_status":"open","ping_status":"open","sticky":false,"template":"","format":"standard","meta":{"footnotes":"","_links_to":"","_links_to_target":""},"categories":[1],"tags":[],"class_list":["post-84980","post","type-post","status-publish","format-standard","has-post-thumbnail","hentry","category-geral"],"views":927,"_links":{"self":[{"href":"https:\/\/www.sudoestehoje.com.br\/novoportal\/wp-json\/wp\/v2\/posts\/84980","targetHints":{"allow":["GET"]}}],"collection":[{"href":"https:\/\/www.sudoestehoje.com.br\/novoportal\/wp-json\/wp\/v2\/posts"}],"about":[{"href":"https:\/\/www.sudoestehoje.com.br\/novoportal\/wp-json\/wp\/v2\/types\/post"}],"author":[{"embeddable":true,"href":"https:\/\/www.sudoestehoje.com.br\/novoportal\/wp-json\/wp\/v2\/users\/2"}],"replies":[{"embeddable":true,"href":"https:\/\/www.sudoestehoje.com.br\/novoportal\/wp-json\/wp\/v2\/comments?post=84980"}],"version-history":[{"count":1,"href":"https:\/\/www.sudoestehoje.com.br\/novoportal\/wp-json\/wp\/v2\/posts\/84980\/revisions"}],"predecessor-version":[{"id":84983,"href":"https:\/\/www.sudoestehoje.com.br\/novoportal\/wp-json\/wp\/v2\/posts\/84980\/revisions\/84983"}],"wp:featuredmedia":[{"embeddable":true,"href":"https:\/\/www.sudoestehoje.com.br\/novoportal\/wp-json\/wp\/v2\/media\/84982"}],"wp:attachment":[{"href":"https:\/\/www.sudoestehoje.com.br\/novoportal\/wp-json\/wp\/v2\/media?parent=84980"}],"wp:term":[{"taxonomy":"category","embeddable":true,"href":"https:\/\/www.sudoestehoje.com.br\/novoportal\/wp-json\/wp\/v2\/categories?post=84980"},{"taxonomy":"post_tag","embeddable":true,"href":"https:\/\/www.sudoestehoje.com.br\/novoportal\/wp-json\/wp\/v2\/tags?post=84980"}],"curies":[{"name":"wp","href":"https:\/\/api.w.org\/{rel}","templated":true}]}}