
{"id":84968,"date":"2020-02-15T10:31:33","date_gmt":"2020-02-15T13:31:33","guid":{"rendered":"https:\/\/www.sudoestehoje.com.br\/novoportal\/?p=84968"},"modified":"2020-02-15T14:47:01","modified_gmt":"2020-02-15T17:47:01","slug":"morre-em-salvador-o-pecuarista-e-empreendedor-cori-moreira","status":"publish","type":"post","link":"https:\/\/www.sudoestehoje.com.br\/novoportal\/2020\/02\/15\/morre-em-salvador-o-pecuarista-e-empreendedor-cori-moreira\/","title":{"rendered":"MORRE EM SALVADOR O PECUARISTA E EMPREENDEDOR CORI MOREIRA"},"content":{"rendered":"<p><a href=\"https:\/\/www.sudoestehoje.com.br\/novoportal\/wp-content\/uploads\/2020\/02\/coriolano.jpg\"><img loading=\"lazy\" decoding=\"async\" class=\"aligncenter size-medium wp-image-84976\" src=\"https:\/\/www.sudoestehoje.com.br\/novoportal\/wp-content\/uploads\/2020\/02\/coriolano-500x375.jpg\" alt=\"\" width=\"500\" height=\"375\" srcset=\"https:\/\/www.sudoestehoje.com.br\/novoportal\/wp-content\/uploads\/2020\/02\/coriolano-500x375.jpg 500w, https:\/\/www.sudoestehoje.com.br\/novoportal\/wp-content\/uploads\/2020\/02\/coriolano-768x576.jpg 768w, https:\/\/www.sudoestehoje.com.br\/novoportal\/wp-content\/uploads\/2020\/02\/coriolano-700x525.jpg 700w, https:\/\/www.sudoestehoje.com.br\/novoportal\/wp-content\/uploads\/2020\/02\/coriolano.jpg 960w\" sizes=\"auto, (max-width: 500px) 100vw, 500px\" \/><\/a><\/p>\n<p>Faleceu, em Salvador, na manh\u00e3 deste s\u00e1bado (15), o pecuarista e empreendedor <strong>Coriolano Moreira de Oliveira,<\/strong> um dos grandes nomes da pecu\u00e1ria da Bahia nos \u00faltimos 50 anos.<\/p>\n<p>Natural de Taiobeiras, Minas Gerais, Cori se estabeleceu em Itapetinga no in\u00edcio dos anos 60, onde se casou com Dona Z\u00e9lia Lima Moreira <em>(in memoria)<\/em>, constituindo fam\u00edlia e um grande patrim\u00f4nio.<\/p>\n<p>Simp\u00e1tico e comunicativo, Cori fez grandes amizades em Itapetinga e regi\u00e3o, sendo reconhecido nacionalmente pelo seu esp\u00edrito empreendedor, no campo da pecu\u00e1ria.<\/p>\n<p>De acordo com informa\u00e7\u00f5es de familiares, o corpo dever\u00e1 ser trasladado para Itapetinga, onde dever\u00e1 ser velado, na<strong> Loja Ma\u00e7\u00f4nica<\/strong>. O sepultamento acontecer\u00e1 neste domingo (16).<\/p>\n<p>O editor do Sudoeste Hoje manifesta aos seus filhos L\u00eddia, L\u00edcia, Lilibete, Cid e Pedrinho, genros, noras e irm\u00e3os, os seus mais profundos sentimentos pala passagem do grande amigo Cori Moreira, uma perda irrepar\u00e1vel para Itapetinga e toda a Bahia.<\/p>\n<p><strong><em>Davi Ferraz &#8211; Editor<\/em><\/strong><\/p>\n","protected":false},"excerpt":{"rendered":"<p>Faleceu, em Salvador, na manh\u00e3 deste s\u00e1bado (15), o pecuarista e empreendedor Coriolano Moreira de Oliveira, um dos grandes nomes da pecu\u00e1ria da Bahia nos \u00faltimos 50 anos. Natural de Taiobeiras, Minas Gerais, Cori se estabeleceu em Itapetinga no in\u00edcio dos anos 60, onde se casou com Dona Z\u00e9lia Lima Moreira (in memoria), constituindo fam\u00edlia [&hellip;]<\/p>\n","protected":false},"author":2,"featured_media":84976,"comment_status":"open","ping_status":"open","sticky":false,"template":"","format":"standard","meta":{"footnotes":"","_links_to":"","_links_to_target":""},"categories":[1],"tags":[],"class_list":["post-84968","post","type-post","status-publish","format-standard","has-post-thumbnail","hentry","category-geral"],"views":2210,"_links":{"self":[{"href":"https:\/\/www.sudoestehoje.com.br\/novoportal\/wp-json\/wp\/v2\/posts\/84968","targetHints":{"allow":["GET"]}}],"collection":[{"href":"https:\/\/www.sudoestehoje.com.br\/novoportal\/wp-json\/wp\/v2\/posts"}],"about":[{"href":"https:\/\/www.sudoestehoje.com.br\/novoportal\/wp-json\/wp\/v2\/types\/post"}],"author":[{"embeddable":true,"href":"https:\/\/www.sudoestehoje.com.br\/novoportal\/wp-json\/wp\/v2\/users\/2"}],"replies":[{"embeddable":true,"href":"https:\/\/www.sudoestehoje.com.br\/novoportal\/wp-json\/wp\/v2\/comments?post=84968"}],"version-history":[{"count":9,"href":"https:\/\/www.sudoestehoje.com.br\/novoportal\/wp-json\/wp\/v2\/posts\/84968\/revisions"}],"predecessor-version":[{"id":84979,"href":"https:\/\/www.sudoestehoje.com.br\/novoportal\/wp-json\/wp\/v2\/posts\/84968\/revisions\/84979"}],"wp:featuredmedia":[{"embeddable":true,"href":"https:\/\/www.sudoestehoje.com.br\/novoportal\/wp-json\/wp\/v2\/media\/84976"}],"wp:attachment":[{"href":"https:\/\/www.sudoestehoje.com.br\/novoportal\/wp-json\/wp\/v2\/media?parent=84968"}],"wp:term":[{"taxonomy":"category","embeddable":true,"href":"https:\/\/www.sudoestehoje.com.br\/novoportal\/wp-json\/wp\/v2\/categories?post=84968"},{"taxonomy":"post_tag","embeddable":true,"href":"https:\/\/www.sudoestehoje.com.br\/novoportal\/wp-json\/wp\/v2\/tags?post=84968"}],"curies":[{"name":"wp","href":"https:\/\/api.w.org\/{rel}","templated":true}]}}