
{"id":84964,"date":"2020-02-15T09:35:11","date_gmt":"2020-02-15T12:35:11","guid":{"rendered":"https:\/\/www.sudoestehoje.com.br\/novoportal\/?p=84964"},"modified":"2020-02-25T19:15:41","modified_gmt":"2020-02-25T22:15:41","slug":"dia-d-da-vascinacao-contra-sarampo-e-hoje","status":"publish","type":"post","link":"https:\/\/www.sudoestehoje.com.br\/novoportal\/2020\/02\/15\/dia-d-da-vascinacao-contra-sarampo-e-hoje\/","title":{"rendered":"DIA &#8216;D&#8217; DA VACINA\u00c7\u00c3O CONTRA SARAMPO \u00c9 HOJE"},"content":{"rendered":"<p><a href=\"https:\/\/www.sudoestehoje.com.br\/novoportal\/wp-content\/uploads\/2020\/02\/DIA-D.jpeg\"><img loading=\"lazy\" decoding=\"async\" class=\"wp-image-84966 alignleft\" src=\"https:\/\/www.sudoestehoje.com.br\/novoportal\/wp-content\/uploads\/2020\/02\/DIA-D-500x667.jpeg\" alt=\"\" width=\"282\" height=\"376\" srcset=\"https:\/\/www.sudoestehoje.com.br\/novoportal\/wp-content\/uploads\/2020\/02\/DIA-D-500x667.jpeg 500w, https:\/\/www.sudoestehoje.com.br\/novoportal\/wp-content\/uploads\/2020\/02\/DIA-D.jpeg 768w, https:\/\/www.sudoestehoje.com.br\/novoportal\/wp-content\/uploads\/2020\/02\/DIA-D-675x900.jpeg 675w\" sizes=\"auto, (max-width: 282px) 100vw, 282px\" \/><\/a><\/p>\n<p>O \u201cDia D\u201d da Campanha Nacional de Vacina\u00e7\u00e3o contra o Sarampo acontece neste s\u00e1bado (15) em 14 postos de sa\u00fade do munic\u00edpio, para o p\u00fablico-alvo de crian\u00e7as e jovens de 5 a 19 anos de idade.<\/p>\n<p>Para receber a dose da tr\u00edplice viral \u2013 que protege contra sarampo, caxumba e rub\u00e9ola \u2013, \u00e9 necess\u00e1rio comparecer \u00e0 unidade de sa\u00fade mais pr\u00f3xima de casa, das 8h \u00e0s 17h, com caderneta de vacina\u00e7\u00e3o e documento pessoal em m\u00e3os.<\/p>\n<p>Em Itapetinga, cerca de 20.000 pessoas comp\u00f5em o p\u00fablico alvo da campanha. O objetivo \u00e9 alcan\u00e7ar a meta e cobertura de 95% das crian\u00e7as e adolescentes dessa faixa et\u00e1ria que est\u00e3o com a caderneta de vacina\u00e7\u00e3o desatualizada ou que nunca receberam as doses do imunizante.<\/p>\n<p>A campanha \u00e9 uma estrat\u00e9gia para interromper a circula\u00e7\u00e3o do v\u00edrus do sarampo no pa\u00eds e vai at\u00e9 13 de mar\u00e7o.<\/p>\n<p>Leve seu filho at\u00e9 uma unidade de sa\u00fade com a carteirinha para que um profissional habilitado verifique se h\u00e1 necessidade ou n\u00e3o de vacina\u00e7\u00e3o.<\/p>\n<p>Vale lembrar que a vacina\u00e7\u00e3o contra o sarampo segue o calend\u00e1rio normal para as outras faixas et\u00e1rias.<\/p>\n","protected":false},"excerpt":{"rendered":"<p>O \u201cDia D\u201d da Campanha Nacional de Vacina\u00e7\u00e3o contra o Sarampo acontece neste s\u00e1bado (15) em 14 postos de sa\u00fade do munic\u00edpio, para o p\u00fablico-alvo de crian\u00e7as e jovens de 5 a 19 anos de idade. Para receber a dose da tr\u00edplice viral \u2013 que protege contra sarampo, caxumba e rub\u00e9ola \u2013, \u00e9 necess\u00e1rio comparecer [&hellip;]<\/p>\n","protected":false},"author":2,"featured_media":84966,"comment_status":"open","ping_status":"open","sticky":false,"template":"","format":"standard","meta":{"footnotes":"","_links_to":"","_links_to_target":""},"categories":[1],"tags":[],"class_list":["post-84964","post","type-post","status-publish","format-standard","has-post-thumbnail","hentry","category-geral"],"views":732,"_links":{"self":[{"href":"https:\/\/www.sudoestehoje.com.br\/novoportal\/wp-json\/wp\/v2\/posts\/84964","targetHints":{"allow":["GET"]}}],"collection":[{"href":"https:\/\/www.sudoestehoje.com.br\/novoportal\/wp-json\/wp\/v2\/posts"}],"about":[{"href":"https:\/\/www.sudoestehoje.com.br\/novoportal\/wp-json\/wp\/v2\/types\/post"}],"author":[{"embeddable":true,"href":"https:\/\/www.sudoestehoje.com.br\/novoportal\/wp-json\/wp\/v2\/users\/2"}],"replies":[{"embeddable":true,"href":"https:\/\/www.sudoestehoje.com.br\/novoportal\/wp-json\/wp\/v2\/comments?post=84964"}],"version-history":[{"count":3,"href":"https:\/\/www.sudoestehoje.com.br\/novoportal\/wp-json\/wp\/v2\/posts\/84964\/revisions"}],"predecessor-version":[{"id":85100,"href":"https:\/\/www.sudoestehoje.com.br\/novoportal\/wp-json\/wp\/v2\/posts\/84964\/revisions\/85100"}],"wp:featuredmedia":[{"embeddable":true,"href":"https:\/\/www.sudoestehoje.com.br\/novoportal\/wp-json\/wp\/v2\/media\/84966"}],"wp:attachment":[{"href":"https:\/\/www.sudoestehoje.com.br\/novoportal\/wp-json\/wp\/v2\/media?parent=84964"}],"wp:term":[{"taxonomy":"category","embeddable":true,"href":"https:\/\/www.sudoestehoje.com.br\/novoportal\/wp-json\/wp\/v2\/categories?post=84964"},{"taxonomy":"post_tag","embeddable":true,"href":"https:\/\/www.sudoestehoje.com.br\/novoportal\/wp-json\/wp\/v2\/tags?post=84964"}],"curies":[{"name":"wp","href":"https:\/\/api.w.org\/{rel}","templated":true}]}}