
{"id":84959,"date":"2020-02-15T09:26:57","date_gmt":"2020-02-15T12:26:57","guid":{"rendered":"https:\/\/www.sudoestehoje.com.br\/novoportal\/?p=84959"},"modified":"2020-02-15T09:26:57","modified_gmt":"2020-02-15T12:26:57","slug":"morre-o-empresario-roque-queiroz-socio-proprietario-do-cafe-da-gente","status":"publish","type":"post","link":"https:\/\/www.sudoestehoje.com.br\/novoportal\/2020\/02\/15\/morre-o-empresario-roque-queiroz-socio-proprietario-do-cafe-da-gente\/","title":{"rendered":"MORRE O EMPRES\u00c1RIO ROQUE QUEIROZ, S\u00d3CIO PROPRIET\u00c1RIO DO &#8216;CAF\u00c9 DA GENTE&#8217;"},"content":{"rendered":"<p><a href=\"https:\/\/www.sudoestehoje.com.br\/novoportal\/wp-content\/uploads\/2020\/02\/roque.jpg\"><img loading=\"lazy\" decoding=\"async\" class=\"aligncenter size-full wp-image-84961\" src=\"https:\/\/www.sudoestehoje.com.br\/novoportal\/wp-content\/uploads\/2020\/02\/roque.jpg\" alt=\"\" width=\"481\" height=\"436\" \/><\/a><\/p>\n<p>Faleceu, na manh\u00e3 deste s\u00e1bado (15), o empres\u00e1rio e pecuarista Roque Queiroz, s\u00f3cio fundador do antigo &#8216;Caf\u00e9 Campe\u00e3o&#8217;, atual Caf\u00e9 da Gente, uma das empresas mais renomadas de Itapetinga e regi\u00e3o.<\/p>\n<p>Roque morreu de causas naturais e deixa um legado de dignidade e enorme generosidade entre seus familiares e amigos.<\/p>\n<p>O corpo est\u00e1 sendo velado no Cerimonial Pax, na Avenida Cinquenten\u00e1rio, e ser\u00e1 sepultado no final da tarde deste s\u00e1bado.<\/p>\n<p>O Sudoeste Hoje manifesta os seus sentimentos aos filhos Luciano, Fl\u00e1vio e Ribeiro, pela perda inestim\u00e1vel do amigo Roque.<\/p>\n<p><em><strong>Davi Ferraz &#8211; Editor<\/strong><\/em><\/p>\n","protected":false},"excerpt":{"rendered":"<p>Faleceu, na manh\u00e3 deste s\u00e1bado (15), o empres\u00e1rio e pecuarista Roque Queiroz, s\u00f3cio fundador do antigo &#8216;Caf\u00e9 Campe\u00e3o&#8217;, atual Caf\u00e9 da Gente, uma das empresas mais renomadas de Itapetinga e regi\u00e3o. Roque morreu de causas naturais e deixa um legado de dignidade e enorme generosidade entre seus familiares e amigos. O corpo est\u00e1 sendo velado [&hellip;]<\/p>\n","protected":false},"author":2,"featured_media":84961,"comment_status":"open","ping_status":"open","sticky":false,"template":"","format":"standard","meta":{"footnotes":"","_links_to":"","_links_to_target":""},"categories":[1],"tags":[],"class_list":["post-84959","post","type-post","status-publish","format-standard","has-post-thumbnail","hentry","category-geral"],"views":1046,"_links":{"self":[{"href":"https:\/\/www.sudoestehoje.com.br\/novoportal\/wp-json\/wp\/v2\/posts\/84959","targetHints":{"allow":["GET"]}}],"collection":[{"href":"https:\/\/www.sudoestehoje.com.br\/novoportal\/wp-json\/wp\/v2\/posts"}],"about":[{"href":"https:\/\/www.sudoestehoje.com.br\/novoportal\/wp-json\/wp\/v2\/types\/post"}],"author":[{"embeddable":true,"href":"https:\/\/www.sudoestehoje.com.br\/novoportal\/wp-json\/wp\/v2\/users\/2"}],"replies":[{"embeddable":true,"href":"https:\/\/www.sudoestehoje.com.br\/novoportal\/wp-json\/wp\/v2\/comments?post=84959"}],"version-history":[{"count":3,"href":"https:\/\/www.sudoestehoje.com.br\/novoportal\/wp-json\/wp\/v2\/posts\/84959\/revisions"}],"predecessor-version":[{"id":84963,"href":"https:\/\/www.sudoestehoje.com.br\/novoportal\/wp-json\/wp\/v2\/posts\/84959\/revisions\/84963"}],"wp:featuredmedia":[{"embeddable":true,"href":"https:\/\/www.sudoestehoje.com.br\/novoportal\/wp-json\/wp\/v2\/media\/84961"}],"wp:attachment":[{"href":"https:\/\/www.sudoestehoje.com.br\/novoportal\/wp-json\/wp\/v2\/media?parent=84959"}],"wp:term":[{"taxonomy":"category","embeddable":true,"href":"https:\/\/www.sudoestehoje.com.br\/novoportal\/wp-json\/wp\/v2\/categories?post=84959"},{"taxonomy":"post_tag","embeddable":true,"href":"https:\/\/www.sudoestehoje.com.br\/novoportal\/wp-json\/wp\/v2\/tags?post=84959"}],"curies":[{"name":"wp","href":"https:\/\/api.w.org\/{rel}","templated":true}]}}