
{"id":84942,"date":"2020-02-12T17:31:47","date_gmt":"2020-02-12T20:31:47","guid":{"rendered":"https:\/\/www.sudoestehoje.com.br\/novoportal\/?p=84942"},"modified":"2020-02-12T17:34:25","modified_gmt":"2020-02-12T20:34:25","slug":"bolsonaro-tira-onyx-lorenzone-da-casa-civil-e-convida-general-para-o-cargo","status":"publish","type":"post","link":"https:\/\/www.sudoestehoje.com.br\/novoportal\/2020\/02\/12\/bolsonaro-tira-onyx-lorenzone-da-casa-civil-e-convida-general-para-o-cargo\/","title":{"rendered":"BOLSONARO TIRA ONYX LORENZONI DA CASA CIVIL E CONVIDA GENERAL PARA O CARGO"},"content":{"rendered":"<p><a href=\"https:\/\/www.sudoestehoje.com.br\/novoportal\/wp-content\/uploads\/2020\/02\/ONYX-SAI.jpeg\"><img loading=\"lazy\" decoding=\"async\" class=\"aligncenter size-medium wp-image-84943\" src=\"https:\/\/www.sudoestehoje.com.br\/novoportal\/wp-content\/uploads\/2020\/02\/ONYX-SAI-500x261.jpeg\" alt=\"\" width=\"500\" height=\"261\" srcset=\"https:\/\/www.sudoestehoje.com.br\/novoportal\/wp-content\/uploads\/2020\/02\/ONYX-SAI-500x261.jpeg 500w, https:\/\/www.sudoestehoje.com.br\/novoportal\/wp-content\/uploads\/2020\/02\/ONYX-SAI.jpeg 768w, https:\/\/www.sudoestehoje.com.br\/novoportal\/wp-content\/uploads\/2020\/02\/ONYX-SAI-700x365.jpeg 700w\" sizes=\"auto, (max-width: 500px) 100vw, 500px\" \/><\/a><\/p>\n<p class=\"bodytext\">O presidente Jair Bolsonaro convidou o general Walter Braga Netto, atual Chefe do Estado-Maior do Ex\u00e9rcito e que comandou a interven\u00e7\u00e3o no Rio de Janeiro em 2018, para o cargo de ministro da Casa Civil. Ele substituir\u00e1 Onyx Lorenzoni, que dever\u00e1 ser deslocado para o Minist\u00e9rio da Cidadania, hoje comandado por Osmar Terra. Desta forma, todos os ministros que trabalham dentro do Pal\u00e1cio do Planalto ser\u00e3o de origem militar.<\/p>\n<p class=\"bodytext\">Um importante auxiliar de Bolsonaro definiu o novo escolhido para a Casa Civil como &#8220;um homem muito preparado&#8221;. Disse ainda que ele vai fazer no governo o que faz no Ex\u00e9rcito. A troca no governo \u00e9 a segunda feita em menos de uma semana. Procurado pela reportagem Braga Netto disse apenas: &#8220;Estou com o comandante&#8221;. Em seguida, desligou o telefone.<\/p>\n<p><a href=\"https:\/\/www.sudoestehoje.com.br\/novoportal\/wp-content\/uploads\/2020\/02\/general_6e42a44d55.jpg\"><img loading=\"lazy\" decoding=\"async\" class=\"aligncenter size-medium wp-image-84946\" src=\"https:\/\/www.sudoestehoje.com.br\/novoportal\/wp-content\/uploads\/2020\/02\/general_6e42a44d55-500x249.jpg\" alt=\"\" width=\"500\" height=\"249\" srcset=\"https:\/\/www.sudoestehoje.com.br\/novoportal\/wp-content\/uploads\/2020\/02\/general_6e42a44d55-500x249.jpg 500w, https:\/\/www.sudoestehoje.com.br\/novoportal\/wp-content\/uploads\/2020\/02\/general_6e42a44d55-768x383.jpg 768w, https:\/\/www.sudoestehoje.com.br\/novoportal\/wp-content\/uploads\/2020\/02\/general_6e42a44d55-700x349.jpg 700w, https:\/\/www.sudoestehoje.com.br\/novoportal\/wp-content\/uploads\/2020\/02\/general_6e42a44d55.jpg 940w\" sizes=\"auto, (max-width: 500px) 100vw, 500px\" \/><\/a><\/p>\n<p class=\"bodytext\">Na quinta-feira passada, Bolsonaro demitiu Gustavo Canuto do Minist\u00e9rio do Desenvolvimento Regional e nomeou Rog\u00e9rio Marinho em seu lugar.<\/p>\n","protected":false},"excerpt":{"rendered":"<p>O presidente Jair Bolsonaro convidou o general Walter Braga Netto, atual Chefe do Estado-Maior do Ex\u00e9rcito e que comandou a interven\u00e7\u00e3o no Rio de Janeiro em 2018, para o cargo de ministro da Casa Civil. Ele substituir\u00e1 Onyx Lorenzoni, que dever\u00e1 ser deslocado para o Minist\u00e9rio da Cidadania, hoje comandado por Osmar Terra. Desta forma, [&hellip;]<\/p>\n","protected":false},"author":2,"featured_media":84943,"comment_status":"open","ping_status":"open","sticky":false,"template":"","format":"standard","meta":{"footnotes":"","_links_to":"","_links_to_target":""},"categories":[1],"tags":[],"class_list":["post-84942","post","type-post","status-publish","format-standard","has-post-thumbnail","hentry","category-geral"],"views":684,"_links":{"self":[{"href":"https:\/\/www.sudoestehoje.com.br\/novoportal\/wp-json\/wp\/v2\/posts\/84942","targetHints":{"allow":["GET"]}}],"collection":[{"href":"https:\/\/www.sudoestehoje.com.br\/novoportal\/wp-json\/wp\/v2\/posts"}],"about":[{"href":"https:\/\/www.sudoestehoje.com.br\/novoportal\/wp-json\/wp\/v2\/types\/post"}],"author":[{"embeddable":true,"href":"https:\/\/www.sudoestehoje.com.br\/novoportal\/wp-json\/wp\/v2\/users\/2"}],"replies":[{"embeddable":true,"href":"https:\/\/www.sudoestehoje.com.br\/novoportal\/wp-json\/wp\/v2\/comments?post=84942"}],"version-history":[{"count":3,"href":"https:\/\/www.sudoestehoje.com.br\/novoportal\/wp-json\/wp\/v2\/posts\/84942\/revisions"}],"predecessor-version":[{"id":84947,"href":"https:\/\/www.sudoestehoje.com.br\/novoportal\/wp-json\/wp\/v2\/posts\/84942\/revisions\/84947"}],"wp:featuredmedia":[{"embeddable":true,"href":"https:\/\/www.sudoestehoje.com.br\/novoportal\/wp-json\/wp\/v2\/media\/84943"}],"wp:attachment":[{"href":"https:\/\/www.sudoestehoje.com.br\/novoportal\/wp-json\/wp\/v2\/media?parent=84942"}],"wp:term":[{"taxonomy":"category","embeddable":true,"href":"https:\/\/www.sudoestehoje.com.br\/novoportal\/wp-json\/wp\/v2\/categories?post=84942"},{"taxonomy":"post_tag","embeddable":true,"href":"https:\/\/www.sudoestehoje.com.br\/novoportal\/wp-json\/wp\/v2\/tags?post=84942"}],"curies":[{"name":"wp","href":"https:\/\/api.w.org\/{rel}","templated":true}]}}