
{"id":84924,"date":"2020-02-12T00:25:55","date_gmt":"2020-02-12T03:25:55","guid":{"rendered":"https:\/\/www.sudoestehoje.com.br\/novoportal\/?p=84924"},"modified":"2020-02-12T00:25:55","modified_gmt":"2020-02-12T03:25:55","slug":"ator-milton-goncalves-sofre-avc-e-e-internado-em-hospital-no-rio","status":"publish","type":"post","link":"https:\/\/www.sudoestehoje.com.br\/novoportal\/2020\/02\/12\/ator-milton-goncalves-sofre-avc-e-e-internado-em-hospital-no-rio\/","title":{"rendered":"ATOR MILTON GON\u00c7ALVES SOFRE AVC E \u00c9 INTERNADO EM HOSPITAL NO RIO"},"content":{"rendered":"<div class=\"mc-column content-text active-extra-styles \" data-block-type=\"unstyled\" data-block-weight=\"25\" data-block-id=\"2\">\n<p data-track-category=\"Link no Texto\" data-track-links=\"\"><a href=\"https:\/\/www.sudoestehoje.com.br\/novoportal\/wp-content\/uploads\/2020\/02\/milton_goncalves.jpg\"><img loading=\"lazy\" decoding=\"async\" class=\"aligncenter size-medium wp-image-84925\" src=\"https:\/\/www.sudoestehoje.com.br\/novoportal\/wp-content\/uploads\/2020\/02\/milton_goncalves-500x313.jpg\" alt=\"\" width=\"500\" height=\"313\" srcset=\"https:\/\/www.sudoestehoje.com.br\/novoportal\/wp-content\/uploads\/2020\/02\/milton_goncalves-500x313.jpg 500w, https:\/\/www.sudoestehoje.com.br\/novoportal\/wp-content\/uploads\/2020\/02\/milton_goncalves-768x481.jpg 768w, https:\/\/www.sudoestehoje.com.br\/novoportal\/wp-content\/uploads\/2020\/02\/milton_goncalves-700x439.jpg 700w, https:\/\/www.sudoestehoje.com.br\/novoportal\/wp-content\/uploads\/2020\/02\/milton_goncalves.jpg 1262w\" sizes=\"auto, (max-width: 500px) 100vw, 500px\" \/><\/a><\/p>\n<p class=\"content-text__container \" data-track-category=\"Link no Texto\" data-track-links=\"\">O ator Milton Gon\u00e7alves, de 86 anos, foi internado nesta segunda-feira (10), no Hospital Samaritano, na Barra da Tijuca, Zona Oeste do Rio de Janeiro.<\/p>\n<\/div>\n<div class=\"wall protected-content\">\n<div class=\"mc-column content-text active-extra-styles \" data-block-type=\"unstyled\" data-block-weight=\"26\" data-block-id=\"3\">\n<p class=\"content-text__container \" data-track-category=\"Link no Texto\" data-track-links=\"\">Segundo a unidade de sa\u00fade, ele sofreu um acidente vascular cerebral isqu\u00eamico (AVC). Ao chegar ao hospital, ele recebeu atendimento cl\u00ednico e passou por uma cirugia.<\/p>\n<\/div>\n<div class=\"mc-column content-text active-extra-styles \" data-block-type=\"unstyled\" data-block-weight=\"17\" data-block-id=\"4\">\n<p class=\"content-text__container \" data-track-category=\"Link no Texto\" data-track-links=\"\">Milton Gon\u00e7alves est\u00e1 internado na unidade neuro intensiva. O estado de sa\u00fade do ator inspira cuidados.<\/p>\n<\/div>\n<div class=\"mc-column content-text active-extra-styles \" data-block-type=\"unstyled\" data-block-weight=\"46\" data-block-id=\"5\">\n<p class=\"content-text__container \" data-track-category=\"Link no Texto\" data-track-links=\"\">O ator \u00e9 um dos personagens do desfile da Escola de Samba do Salgueiro, como um dos palha\u00e7os negros do enredo da vermelho e branco. No \u00faltimo domingo (9), Milton Gon\u00e7alves participou de uma feijoada na quadra da escola, na Zona Norte, junto com outros componentes.<\/p>\n<\/div>\n<\/div>\n","protected":false},"excerpt":{"rendered":"<p>O ator Milton Gon\u00e7alves, de 86 anos, foi internado nesta segunda-feira (10), no Hospital Samaritano, na Barra da Tijuca, Zona Oeste do Rio de Janeiro. Segundo a unidade de sa\u00fade, ele sofreu um acidente vascular cerebral isqu\u00eamico (AVC). Ao chegar ao hospital, ele recebeu atendimento cl\u00ednico e passou por uma cirugia. Milton Gon\u00e7alves est\u00e1 internado [&hellip;]<\/p>\n","protected":false},"author":2,"featured_media":84925,"comment_status":"open","ping_status":"open","sticky":false,"template":"","format":"standard","meta":{"footnotes":"","_links_to":"","_links_to_target":""},"categories":[1],"tags":[],"class_list":["post-84924","post","type-post","status-publish","format-standard","has-post-thumbnail","hentry","category-geral"],"views":763,"_links":{"self":[{"href":"https:\/\/www.sudoestehoje.com.br\/novoportal\/wp-json\/wp\/v2\/posts\/84924","targetHints":{"allow":["GET"]}}],"collection":[{"href":"https:\/\/www.sudoestehoje.com.br\/novoportal\/wp-json\/wp\/v2\/posts"}],"about":[{"href":"https:\/\/www.sudoestehoje.com.br\/novoportal\/wp-json\/wp\/v2\/types\/post"}],"author":[{"embeddable":true,"href":"https:\/\/www.sudoestehoje.com.br\/novoportal\/wp-json\/wp\/v2\/users\/2"}],"replies":[{"embeddable":true,"href":"https:\/\/www.sudoestehoje.com.br\/novoportal\/wp-json\/wp\/v2\/comments?post=84924"}],"version-history":[{"count":1,"href":"https:\/\/www.sudoestehoje.com.br\/novoportal\/wp-json\/wp\/v2\/posts\/84924\/revisions"}],"predecessor-version":[{"id":84926,"href":"https:\/\/www.sudoestehoje.com.br\/novoportal\/wp-json\/wp\/v2\/posts\/84924\/revisions\/84926"}],"wp:featuredmedia":[{"embeddable":true,"href":"https:\/\/www.sudoestehoje.com.br\/novoportal\/wp-json\/wp\/v2\/media\/84925"}],"wp:attachment":[{"href":"https:\/\/www.sudoestehoje.com.br\/novoportal\/wp-json\/wp\/v2\/media?parent=84924"}],"wp:term":[{"taxonomy":"category","embeddable":true,"href":"https:\/\/www.sudoestehoje.com.br\/novoportal\/wp-json\/wp\/v2\/categories?post=84924"},{"taxonomy":"post_tag","embeddable":true,"href":"https:\/\/www.sudoestehoje.com.br\/novoportal\/wp-json\/wp\/v2\/tags?post=84924"}],"curies":[{"name":"wp","href":"https:\/\/api.w.org\/{rel}","templated":true}]}}