
{"id":84914,"date":"2020-02-11T21:44:35","date_gmt":"2020-02-12T00:44:35","guid":{"rendered":"https:\/\/www.sudoestehoje.com.br\/novoportal\/?p=84914"},"modified":"2020-02-11T22:13:30","modified_gmt":"2020-02-12T01:13:30","slug":"regiao-prefeitura-de-macarani-quita-salarios-com-servidores-contratados","status":"publish","type":"post","link":"https:\/\/www.sudoestehoje.com.br\/novoportal\/2020\/02\/11\/regiao-prefeitura-de-macarani-quita-salarios-com-servidores-contratados\/","title":{"rendered":"REGI\u00c3O: PREFEITURA DE MACARANI QUITA SAL\u00c1RIOS COM SERVIDORES CONTRATADOS"},"content":{"rendered":"<div><a href=\"https:\/\/www.sudoestehoje.com.br\/novoportal\/wp-content\/uploads\/2020\/02\/miller-1.jpg\"><img loading=\"lazy\" decoding=\"async\" class=\"aligncenter wp-image-84915\" src=\"https:\/\/www.sudoestehoje.com.br\/novoportal\/wp-content\/uploads\/2020\/02\/miller-1.jpg\" alt=\"\" width=\"500\" height=\"310\" \/><\/a><\/div>\n<div>\n<p>A Prefeitura de Macarani quitou integralmente, nesta ter\u00e7a-feira (11), os sal\u00e1rios de todos os servidores tempor\u00e1rios contratados pela gest\u00e3o do prefeito Miller Ferraz, que se encontravam em atraso devido \u00e0 grave crise financeira que atingiu os munic\u00edpios em todo o pa\u00eds, nos \u00faltimos anos.<\/p>\n<p>Em decorr\u00eancia da crise, a prefeitura de Macarani chegou a atrasar os sal\u00e1rios dos servidores contratados, embora mantivesse em dia os vencimentos dos servidores efetivos. A not\u00edcia \u00e9 excelente, pois muitas pessoas poder\u00e3o quitar suas d\u00edvidas e movimentar a economia local.<\/p>\n<p>Segundo a Assessoria de Comunica\u00e7\u00e3o do Munic\u00edpio, foram mais de R$ 500 mil reais que entraram no mercado em Macarani, movimentando a economia do munic\u00edpio.<\/p>\n<p>Durante o segundo semestre do ano passado, o prefeito Miller Ferraz procurou pagar, um m\u00eas a cada dois ou tr\u00eas meses de atraso, tentando minimizar os efeitos da aus\u00eancia dos pagamentos regulares.<\/p>\n<p><em>\u201cFiquei muito alegre em poder regularizar esses contratos. O atraso nos pagamentos me deixava profundamente incomodado, principalmente por ver a situa\u00e7\u00e3o de fam\u00edlias que precisavam desses recursos financeiros, mas infelizmente os recursos esperados n\u00e3o entravam. Mesmo assim, muitos trabalhados me diziam que confiavam e que no momento oportuno eu iria regularizar tudo\u201d<\/em>, disse o prefeito Dr. Miller Ferraz.<\/p>\n<p><em>\u201cS\u00e3o mais de R$ 500 mil reais injetados na economia do munic\u00edpio, o que trar\u00e1 um impacto muito positivo na economia beneficiando, assim, o com\u00e9rcio local\u201d<\/em>, declarou o secret\u00e1rio de finan\u00e7as Patrick Filadelfo, garantindo que, daqui pra a frente, o prefeito Dr. Miller Ferraz tudo far\u00e1 para que n\u00e3o haja mais atrasos. <em>\u201cO pa\u00eds est\u00e1 retomando o desenvolvimento e esperamos que munic\u00edpios como Macarani voltem a receber os recursos de que necessitam\u201d,<\/em> completou. <em>\/\/Ascom<\/em><\/p>\n<\/div>\n","protected":false},"excerpt":{"rendered":"<p>A Prefeitura de Macarani quitou integralmente, nesta ter\u00e7a-feira (11), os sal\u00e1rios de todos os servidores tempor\u00e1rios contratados pela gest\u00e3o do prefeito Miller Ferraz, que se encontravam em atraso devido \u00e0 grave crise financeira que atingiu os munic\u00edpios em todo o pa\u00eds, nos \u00faltimos anos. Em decorr\u00eancia da crise, a prefeitura de Macarani chegou a atrasar [&hellip;]<\/p>\n","protected":false},"author":2,"featured_media":84915,"comment_status":"open","ping_status":"open","sticky":false,"template":"","format":"standard","meta":{"footnotes":"","_links_to":"","_links_to_target":""},"categories":[1],"tags":[],"class_list":["post-84914","post","type-post","status-publish","format-standard","has-post-thumbnail","hentry","category-geral"],"views":805,"_links":{"self":[{"href":"https:\/\/www.sudoestehoje.com.br\/novoportal\/wp-json\/wp\/v2\/posts\/84914","targetHints":{"allow":["GET"]}}],"collection":[{"href":"https:\/\/www.sudoestehoje.com.br\/novoportal\/wp-json\/wp\/v2\/posts"}],"about":[{"href":"https:\/\/www.sudoestehoje.com.br\/novoportal\/wp-json\/wp\/v2\/types\/post"}],"author":[{"embeddable":true,"href":"https:\/\/www.sudoestehoje.com.br\/novoportal\/wp-json\/wp\/v2\/users\/2"}],"replies":[{"embeddable":true,"href":"https:\/\/www.sudoestehoje.com.br\/novoportal\/wp-json\/wp\/v2\/comments?post=84914"}],"version-history":[{"count":2,"href":"https:\/\/www.sudoestehoje.com.br\/novoportal\/wp-json\/wp\/v2\/posts\/84914\/revisions"}],"predecessor-version":[{"id":84923,"href":"https:\/\/www.sudoestehoje.com.br\/novoportal\/wp-json\/wp\/v2\/posts\/84914\/revisions\/84923"}],"wp:featuredmedia":[{"embeddable":true,"href":"https:\/\/www.sudoestehoje.com.br\/novoportal\/wp-json\/wp\/v2\/media\/84915"}],"wp:attachment":[{"href":"https:\/\/www.sudoestehoje.com.br\/novoportal\/wp-json\/wp\/v2\/media?parent=84914"}],"wp:term":[{"taxonomy":"category","embeddable":true,"href":"https:\/\/www.sudoestehoje.com.br\/novoportal\/wp-json\/wp\/v2\/categories?post=84914"},{"taxonomy":"post_tag","embeddable":true,"href":"https:\/\/www.sudoestehoje.com.br\/novoportal\/wp-json\/wp\/v2\/tags?post=84914"}],"curies":[{"name":"wp","href":"https:\/\/api.w.org\/{rel}","templated":true}]}}