
{"id":84901,"date":"2020-02-10T11:28:53","date_gmt":"2020-02-10T14:28:53","guid":{"rendered":"https:\/\/www.sudoestehoje.com.br\/novoportal\/?p=84901"},"modified":"2020-02-10T11:28:53","modified_gmt":"2020-02-10T14:28:53","slug":"miliciano-morto-na-bahia-estava-em-sitio-de-vereador-irmao-de-deputado-da-base-de-rui","status":"publish","type":"post","link":"https:\/\/www.sudoestehoje.com.br\/novoportal\/2020\/02\/10\/miliciano-morto-na-bahia-estava-em-sitio-de-vereador-irmao-de-deputado-da-base-de-rui\/","title":{"rendered":"MILICIANO MORTO NA BAHIA ESTAVA EM S\u00cdTIO DE VEREADOR IRM\u00c3O DE DEPUTADO DA BASE DE RUI"},"content":{"rendered":"<p><a href=\"https:\/\/www.sudoestehoje.com.br\/novoportal\/wp-content\/uploads\/2020\/02\/adriano-magalhacc83es-da-nobrega-1.jpg-1.jpg\"><img loading=\"lazy\" decoding=\"async\" class=\"aligncenter size-medium wp-image-84904\" src=\"https:\/\/www.sudoestehoje.com.br\/novoportal\/wp-content\/uploads\/2020\/02\/adriano-magalhacc83es-da-nobrega-1.jpg-1-500x333.jpg\" alt=\"\" width=\"500\" height=\"333\" srcset=\"https:\/\/www.sudoestehoje.com.br\/novoportal\/wp-content\/uploads\/2020\/02\/adriano-magalhacc83es-da-nobrega-1.jpg-1-500x333.jpg 500w, https:\/\/www.sudoestehoje.com.br\/novoportal\/wp-content\/uploads\/2020\/02\/adriano-magalhacc83es-da-nobrega-1.jpg-1-768x512.jpg 768w, https:\/\/www.sudoestehoje.com.br\/novoportal\/wp-content\/uploads\/2020\/02\/adriano-magalhacc83es-da-nobrega-1.jpg-1-700x467.jpg 700w, https:\/\/www.sudoestehoje.com.br\/novoportal\/wp-content\/uploads\/2020\/02\/adriano-magalhacc83es-da-nobrega-1.jpg-1.jpg 1024w\" sizes=\"auto, (max-width: 500px) 100vw, 500px\" \/><\/a><\/p>\n<p>O ex-capit\u00e3o da PM do Rio de Janeiro, Adriano N\u00f3brega, morto em um confronto com policiais militares na manh\u00e3 de hoje (9), na zona rural da cidade de Esplanada, interior da Bahia, estava escondido no s\u00edtio do vereador do munic\u00edpio, Gilsinho Lima Neto (PSL).<\/p>\n<p>Conforme apurado pelo\u00a0<strong>Metro1<\/strong>, Gilsinho \u00e9 irm\u00e3o do deputado estadual Alex Lima (PSB), que integra a base do governador Rui Costa.<\/p>\n<p>O vereador informou \u00e0 imprensa que, assim que soube da opera\u00e7\u00e3o nas depend\u00eancias de uma ch\u00e1cara da sua propriedade, solicitou \u00e0 Secretaria de Seguran\u00e7a P\u00fablica da Bahia (SSP-BA) brevidade nas investiga\u00e7\u00f5es,\u00a0assim como o deputado federal Paulo Teixeira (PT) e o PSOL.<\/p>\n<p>\u201c\u00c9 importante esclarecer o que fazia um criminoso procurado pela Justi\u00e7a, na minha propriedade\u201d, disse.\u00a0O mesmo relata que n\u00e3o conhece, nunca viu e n\u00e3o sabia que o mesmo estava escondido pela regi\u00e3o.<\/p>\n<p>O vereador adiantou que est\u00e1 \u00e0 disposi\u00e7\u00e3o das autoridades competentes para colaborar para que os fatos sejam esclarecidos com m\u00e1xima brevidade.<\/p>\n","protected":false},"excerpt":{"rendered":"<p>O ex-capit\u00e3o da PM do Rio de Janeiro, Adriano N\u00f3brega, morto em um confronto com policiais militares na manh\u00e3 de hoje (9), na zona rural da cidade de Esplanada, interior da Bahia, estava escondido no s\u00edtio do vereador do munic\u00edpio, Gilsinho Lima Neto (PSL). Conforme apurado pelo\u00a0Metro1, Gilsinho \u00e9 irm\u00e3o do deputado estadual Alex Lima [&hellip;]<\/p>\n","protected":false},"author":2,"featured_media":84903,"comment_status":"open","ping_status":"open","sticky":false,"template":"","format":"standard","meta":{"footnotes":"","_links_to":"","_links_to_target":""},"categories":[1],"tags":[],"class_list":["post-84901","post","type-post","status-publish","format-standard","has-post-thumbnail","hentry","category-geral"],"views":1013,"_links":{"self":[{"href":"https:\/\/www.sudoestehoje.com.br\/novoportal\/wp-json\/wp\/v2\/posts\/84901","targetHints":{"allow":["GET"]}}],"collection":[{"href":"https:\/\/www.sudoestehoje.com.br\/novoportal\/wp-json\/wp\/v2\/posts"}],"about":[{"href":"https:\/\/www.sudoestehoje.com.br\/novoportal\/wp-json\/wp\/v2\/types\/post"}],"author":[{"embeddable":true,"href":"https:\/\/www.sudoestehoje.com.br\/novoportal\/wp-json\/wp\/v2\/users\/2"}],"replies":[{"embeddable":true,"href":"https:\/\/www.sudoestehoje.com.br\/novoportal\/wp-json\/wp\/v2\/comments?post=84901"}],"version-history":[{"count":2,"href":"https:\/\/www.sudoestehoje.com.br\/novoportal\/wp-json\/wp\/v2\/posts\/84901\/revisions"}],"predecessor-version":[{"id":84905,"href":"https:\/\/www.sudoestehoje.com.br\/novoportal\/wp-json\/wp\/v2\/posts\/84901\/revisions\/84905"}],"wp:featuredmedia":[{"embeddable":true,"href":"https:\/\/www.sudoestehoje.com.br\/novoportal\/wp-json\/wp\/v2\/media\/84903"}],"wp:attachment":[{"href":"https:\/\/www.sudoestehoje.com.br\/novoportal\/wp-json\/wp\/v2\/media?parent=84901"}],"wp:term":[{"taxonomy":"category","embeddable":true,"href":"https:\/\/www.sudoestehoje.com.br\/novoportal\/wp-json\/wp\/v2\/categories?post=84901"},{"taxonomy":"post_tag","embeddable":true,"href":"https:\/\/www.sudoestehoje.com.br\/novoportal\/wp-json\/wp\/v2\/tags?post=84901"}],"curies":[{"name":"wp","href":"https:\/\/api.w.org\/{rel}","templated":true}]}}