
{"id":84887,"date":"2020-02-09T11:54:56","date_gmt":"2020-02-09T14:54:56","guid":{"rendered":"https:\/\/www.sudoestehoje.com.br\/novoportal\/?p=84887"},"modified":"2020-02-09T11:54:56","modified_gmt":"2020-02-09T14:54:56","slug":"suspeito-de-envolvimento-na-morte-de-marielle-e-morto-pela-policia-na-bahia","status":"publish","type":"post","link":"https:\/\/www.sudoestehoje.com.br\/novoportal\/2020\/02\/09\/suspeito-de-envolvimento-na-morte-de-marielle-e-morto-pela-policia-na-bahia\/","title":{"rendered":"SUSPEITO DE ENVOLVIMENTO NA MORTE DE MARIELLE \u00c9 MORTO PELA POL\u00cdCIA NA BAHIA"},"content":{"rendered":"<p><a href=\"https:\/\/www.sudoestehoje.com.br\/novoportal\/wp-content\/uploads\/2020\/02\/capitao-adriano_80d3bac1db.jpg\"><img loading=\"lazy\" decoding=\"async\" class=\"aligncenter size-medium wp-image-84888\" src=\"https:\/\/www.sudoestehoje.com.br\/novoportal\/wp-content\/uploads\/2020\/02\/capitao-adriano_80d3bac1db-500x300.jpg\" alt=\"\" width=\"500\" height=\"300\" srcset=\"https:\/\/www.sudoestehoje.com.br\/novoportal\/wp-content\/uploads\/2020\/02\/capitao-adriano_80d3bac1db-500x300.jpg 500w, https:\/\/www.sudoestehoje.com.br\/novoportal\/wp-content\/uploads\/2020\/02\/capitao-adriano_80d3bac1db-768x461.jpg 768w, https:\/\/www.sudoestehoje.com.br\/novoportal\/wp-content\/uploads\/2020\/02\/capitao-adriano_80d3bac1db-700x420.jpg 700w, https:\/\/www.sudoestehoje.com.br\/novoportal\/wp-content\/uploads\/2020\/02\/capitao-adriano_80d3bac1db.jpg 999w\" sizes=\"auto, (max-width: 500px) 100vw, 500px\" \/><\/a><\/p>\n<p class=\"bodytext\">Um ex-policial militar, suspeito de ter envolvimento na morte da vereadora carioca Marielle Franco, foi morto durante uma a\u00e7\u00e3o da pol\u00edcia na cidade de Esplanada, no interior da Bahia. Adriano Magalh\u00e3es da N\u00f3brega, conhecido como capit\u00e3o Adriano, foi morto na manh\u00e3 deste domingo (9). Ele \u00e9 acusado de liderar uma das maiores mil\u00edcias do Rio de Janeiro, o Escrit\u00f3rio do Crime, e estava foragido desde janeiro de 2019.<\/p>\n<p class=\"bodytext\">De acordo com informa\u00e7\u00f5es da Secretaria da Seguran\u00e7a P\u00fablica (SSP), Adriano come\u00e7ou a ser monitorado por equipes de intelig\u00eancia da SSP ap\u00f3s a informa\u00e7\u00e3o de que ele teria buscado esconderijo na Bahia. Ele foi encontrado em um im\u00f3vel na zona rural de Esplanada.<\/p>\n<p>Ainda segundo a SSP, Adriano resistiu \u00e0 abordagem e disparou contra os policiais. Houve troca de tiros e ele acabou sendo ferido. Ele teria sido levado para um hospital da regi\u00e3o, mas n\u00e3o resistiu. <em>\/\/Correio<\/em><\/p>\n","protected":false},"excerpt":{"rendered":"<p>Um ex-policial militar, suspeito de ter envolvimento na morte da vereadora carioca Marielle Franco, foi morto durante uma a\u00e7\u00e3o da pol\u00edcia na cidade de Esplanada, no interior da Bahia. Adriano Magalh\u00e3es da N\u00f3brega, conhecido como capit\u00e3o Adriano, foi morto na manh\u00e3 deste domingo (9). Ele \u00e9 acusado de liderar uma das maiores mil\u00edcias do Rio [&hellip;]<\/p>\n","protected":false},"author":2,"featured_media":84888,"comment_status":"open","ping_status":"open","sticky":false,"template":"","format":"standard","meta":{"footnotes":"","_links_to":"","_links_to_target":""},"categories":[1],"tags":[],"class_list":["post-84887","post","type-post","status-publish","format-standard","has-post-thumbnail","hentry","category-geral"],"views":698,"_links":{"self":[{"href":"https:\/\/www.sudoestehoje.com.br\/novoportal\/wp-json\/wp\/v2\/posts\/84887","targetHints":{"allow":["GET"]}}],"collection":[{"href":"https:\/\/www.sudoestehoje.com.br\/novoportal\/wp-json\/wp\/v2\/posts"}],"about":[{"href":"https:\/\/www.sudoestehoje.com.br\/novoportal\/wp-json\/wp\/v2\/types\/post"}],"author":[{"embeddable":true,"href":"https:\/\/www.sudoestehoje.com.br\/novoportal\/wp-json\/wp\/v2\/users\/2"}],"replies":[{"embeddable":true,"href":"https:\/\/www.sudoestehoje.com.br\/novoportal\/wp-json\/wp\/v2\/comments?post=84887"}],"version-history":[{"count":1,"href":"https:\/\/www.sudoestehoje.com.br\/novoportal\/wp-json\/wp\/v2\/posts\/84887\/revisions"}],"predecessor-version":[{"id":84889,"href":"https:\/\/www.sudoestehoje.com.br\/novoportal\/wp-json\/wp\/v2\/posts\/84887\/revisions\/84889"}],"wp:featuredmedia":[{"embeddable":true,"href":"https:\/\/www.sudoestehoje.com.br\/novoportal\/wp-json\/wp\/v2\/media\/84888"}],"wp:attachment":[{"href":"https:\/\/www.sudoestehoje.com.br\/novoportal\/wp-json\/wp\/v2\/media?parent=84887"}],"wp:term":[{"taxonomy":"category","embeddable":true,"href":"https:\/\/www.sudoestehoje.com.br\/novoportal\/wp-json\/wp\/v2\/categories?post=84887"},{"taxonomy":"post_tag","embeddable":true,"href":"https:\/\/www.sudoestehoje.com.br\/novoportal\/wp-json\/wp\/v2\/tags?post=84887"}],"curies":[{"name":"wp","href":"https:\/\/api.w.org\/{rel}","templated":true}]}}