
{"id":84873,"date":"2020-02-08T21:39:41","date_gmt":"2020-02-09T00:39:41","guid":{"rendered":"https:\/\/www.sudoestehoje.com.br\/novoportal\/?p=84873"},"modified":"2020-02-08T21:39:41","modified_gmt":"2020-02-09T00:39:41","slug":"lista-de-espera-do-sisu-sera-divulgada-nesta-segunda-feira","status":"publish","type":"post","link":"https:\/\/www.sudoestehoje.com.br\/novoportal\/2020\/02\/08\/lista-de-espera-do-sisu-sera-divulgada-nesta-segunda-feira\/","title":{"rendered":"LISTA DE ESPERA DO SISU SER\u00c1 DIVULGADA NESTA SEGUNDA-FEIRA"},"content":{"rendered":"<p><a href=\"https:\/\/www.sudoestehoje.com.br\/novoportal\/wp-content\/uploads\/2020\/02\/sisu-1000x530.jpg\"><img loading=\"lazy\" decoding=\"async\" class=\"aligncenter size-medium wp-image-84874\" src=\"https:\/\/www.sudoestehoje.com.br\/novoportal\/wp-content\/uploads\/2020\/02\/sisu-1000x530-500x265.jpg\" alt=\"\" width=\"500\" height=\"265\" srcset=\"https:\/\/www.sudoestehoje.com.br\/novoportal\/wp-content\/uploads\/2020\/02\/sisu-1000x530-500x265.jpg 500w, https:\/\/www.sudoestehoje.com.br\/novoportal\/wp-content\/uploads\/2020\/02\/sisu-1000x530-768x407.jpg 768w, https:\/\/www.sudoestehoje.com.br\/novoportal\/wp-content\/uploads\/2020\/02\/sisu-1000x530-700x371.jpg 700w, https:\/\/www.sudoestehoje.com.br\/novoportal\/wp-content\/uploads\/2020\/02\/sisu-1000x530.jpg 1000w\" sizes=\"auto, (max-width: 500px) 100vw, 500px\" \/><\/a><\/p>\n<p>A lista de espera do Sistema de Sele\u00e7\u00e3o Unificada (Sisu) 2020 para a convoca\u00e7\u00e3o dos aprovados pelas institui\u00e7\u00f5es de ensino sair\u00e1 na pr\u00f3xima segunda-feira (10). A divulga\u00e7\u00e3o estava prevista para ontem (7). O prazo final de convoca\u00e7\u00e3o e realiza\u00e7\u00e3o da matr\u00edcula segue cronograma pr\u00f3prio de cada institui\u00e7\u00e3o. A lista poder\u00e1 ser consultada no site do\u00a0<a href=\"https:\/\/sisu.mec.gov.br\/#\/\" target=\"_blank\" rel=\"noopener noreferrer\">Sisu<\/a>\u00a0.<\/p>\n<p><a href=\"https:\/\/www.todabahia.com.br\/ufob-informa-suspensao-de-lista-de-espera-do-sisu-e-ufrb-adia-divulgacao\/\" target=\"_blank\" rel=\"noopener noreferrer\"><strong>Duas universidades baianas divulgaram notas sobre a situa\u00e7\u00e3o<\/strong><\/a>. A Ufob informo que a lista de espera divulgada na segunda foi suspensa e a UFRB falou sobre o adiamento da divulga\u00e7\u00e3o da lista.<\/p>\n<p>A ades\u00e3o \u00e0 lista de espera do Sisu come\u00e7ou em 29 de janeiro e ficou aberta at\u00e9 4 de fevereiro. Os candidatos que se inscreveram no sistema de sele\u00e7\u00e3o, mas que n\u00e3o foram selecionados em nenhuma das op\u00e7\u00f5es de curso, tiveram a chance de participar da lista de espera.<\/p>\n<p>O Sisu \u00e9 uma das formas de ingresso \u00e0 educa\u00e7\u00e3o superior com a nota do Enem. Por meio dele, as institui\u00e7\u00f5es p\u00fablicas de ensino superior oferecem vagas a participantes do exame. Quem n\u00e3o conseguir uma vaga pelo Sisu, pode tentar pelos vestibulares tradicionais.<\/p>\n","protected":false},"excerpt":{"rendered":"<p>A lista de espera do Sistema de Sele\u00e7\u00e3o Unificada (Sisu) 2020 para a convoca\u00e7\u00e3o dos aprovados pelas institui\u00e7\u00f5es de ensino sair\u00e1 na pr\u00f3xima segunda-feira (10). A divulga\u00e7\u00e3o estava prevista para ontem (7). O prazo final de convoca\u00e7\u00e3o e realiza\u00e7\u00e3o da matr\u00edcula segue cronograma pr\u00f3prio de cada institui\u00e7\u00e3o. A lista poder\u00e1 ser consultada no site do\u00a0Sisu\u00a0. [&hellip;]<\/p>\n","protected":false},"author":2,"featured_media":84874,"comment_status":"open","ping_status":"open","sticky":false,"template":"","format":"standard","meta":{"footnotes":"","_links_to":"","_links_to_target":""},"categories":[1],"tags":[],"class_list":["post-84873","post","type-post","status-publish","format-standard","has-post-thumbnail","hentry","category-geral"],"views":705,"_links":{"self":[{"href":"https:\/\/www.sudoestehoje.com.br\/novoportal\/wp-json\/wp\/v2\/posts\/84873","targetHints":{"allow":["GET"]}}],"collection":[{"href":"https:\/\/www.sudoestehoje.com.br\/novoportal\/wp-json\/wp\/v2\/posts"}],"about":[{"href":"https:\/\/www.sudoestehoje.com.br\/novoportal\/wp-json\/wp\/v2\/types\/post"}],"author":[{"embeddable":true,"href":"https:\/\/www.sudoestehoje.com.br\/novoportal\/wp-json\/wp\/v2\/users\/2"}],"replies":[{"embeddable":true,"href":"https:\/\/www.sudoestehoje.com.br\/novoportal\/wp-json\/wp\/v2\/comments?post=84873"}],"version-history":[{"count":1,"href":"https:\/\/www.sudoestehoje.com.br\/novoportal\/wp-json\/wp\/v2\/posts\/84873\/revisions"}],"predecessor-version":[{"id":84875,"href":"https:\/\/www.sudoestehoje.com.br\/novoportal\/wp-json\/wp\/v2\/posts\/84873\/revisions\/84875"}],"wp:featuredmedia":[{"embeddable":true,"href":"https:\/\/www.sudoestehoje.com.br\/novoportal\/wp-json\/wp\/v2\/media\/84874"}],"wp:attachment":[{"href":"https:\/\/www.sudoestehoje.com.br\/novoportal\/wp-json\/wp\/v2\/media?parent=84873"}],"wp:term":[{"taxonomy":"category","embeddable":true,"href":"https:\/\/www.sudoestehoje.com.br\/novoportal\/wp-json\/wp\/v2\/categories?post=84873"},{"taxonomy":"post_tag","embeddable":true,"href":"https:\/\/www.sudoestehoje.com.br\/novoportal\/wp-json\/wp\/v2\/tags?post=84873"}],"curies":[{"name":"wp","href":"https:\/\/api.w.org\/{rel}","templated":true}]}}