
{"id":8487,"date":"2011-09-10T13:57:06","date_gmt":"2011-09-10T16:57:06","guid":{"rendered":"http:\/\/www.sudoestehoje.com.br\/novoportal\/?p=8487"},"modified":"2011-09-10T22:47:54","modified_gmt":"2011-09-11T01:47:54","slug":"8487","status":"publish","type":"post","link":"https:\/\/www.sudoestehoje.com.br\/novoportal\/2011\/09\/10\/8487\/","title":{"rendered":"ROBERTO CARLOS FAR\u00c1 DOIS SHOWS EM SALVADOR"},"content":{"rendered":"<p style=\"text-align: center;\"><img decoding=\"async\" class=\"aligncenter\" src=\"http:\/\/1.bp.blogspot.com\/-dcOB36HPnj0\/TdOc9zP8QxI\/AAAAAAAAAwY\/rk67q2iU9eo\/s1600\/RobertoCarlos.jpg\" alt=\"\" width=\"400\" \/><\/p>\n<p>Novembro ser\u00e1 um m\u00eas especial para os f\u00e3s soteropolitanos de Roberto Carlos, isso porque o cantor far\u00e1 dois shows na Concha Ac\u00fastica do Teatro Castro Alves. As datas escolhidas para a apresenta\u00e7\u00e3o do Rei em Salvador foram 18 e 19.<\/p>\n<p>Os shows ainda n\u00e3o est\u00e3o na agenda do site do cantor, mas foram confirmados pela produ\u00e7\u00e3o do TCA. Ainda n\u00e3o h\u00e1 informa\u00e7\u00f5es sobre hor\u00e1rios e valores dos ingressos.<\/p>\n<p>O \u00faltimo show que Roberto Carlos fez em Salvador foi no ano de 2009, na turn\u00ea que comemorava seus 50 anos de carreira. A apresenta\u00e7\u00e3o foi no est\u00e1dio de Pitua\u00e7u e reuniu mais de 30 mil pessoas. No evento, o rei interpretou seus maiores sucessos, como &#8220;Emo\u00e7\u00f5es&#8221; e &#8220;Como \u00e9 Grande o Meu Amor por Voc\u00ea&#8221;.<\/p>\n<p><strong><em>CORREIO<\/em><\/strong><\/p>\n<p style=\"text-align: center;\"><strong><em><a href=\"http:\/\/www.sudoestehoje.com.br\/novoportal\/wp-content\/uploads\/2011\/09\/LABOR1.jpg\"><img loading=\"lazy\" decoding=\"async\" class=\"size-medium wp-image-8500  aligncenter\" title=\"LABOR\" src=\"http:\/\/www.sudoestehoje.com.br\/novoportal\/wp-content\/uploads\/2011\/09\/LABOR1-500x148.jpg\" alt=\"\" width=\"500\" height=\"148\" srcset=\"https:\/\/www.sudoestehoje.com.br\/novoportal\/wp-content\/uploads\/2011\/09\/LABOR1-500x148.jpg 500w, https:\/\/www.sudoestehoje.com.br\/novoportal\/wp-content\/uploads\/2011\/09\/LABOR1-1024x304.jpg 1024w\" sizes=\"auto, (max-width: 500px) 100vw, 500px\" \/><\/a><br \/>\n<\/em><\/strong><\/p>\n","protected":false},"excerpt":{"rendered":"<p>Novembro ser\u00e1 um m\u00eas especial para os f\u00e3s soteropolitanos de Roberto Carlos, isso porque o cantor far\u00e1 dois shows na Concha Ac\u00fastica do Teatro Castro Alves. As datas escolhidas para a apresenta\u00e7\u00e3o do Rei em Salvador foram 18 e 19. Os shows ainda n\u00e3o est\u00e3o na agenda do site do cantor, mas foram confirmados pela [&hellip;]<\/p>\n","protected":false},"author":2,"featured_media":0,"comment_status":"open","ping_status":"open","sticky":false,"template":"","format":"standard","meta":{"footnotes":"","_links_to":"","_links_to_target":""},"categories":[1],"tags":[],"class_list":["post-8487","post","type-post","status-publish","format-standard","hentry","category-geral"],"views":1673,"_links":{"self":[{"href":"https:\/\/www.sudoestehoje.com.br\/novoportal\/wp-json\/wp\/v2\/posts\/8487","targetHints":{"allow":["GET"]}}],"collection":[{"href":"https:\/\/www.sudoestehoje.com.br\/novoportal\/wp-json\/wp\/v2\/posts"}],"about":[{"href":"https:\/\/www.sudoestehoje.com.br\/novoportal\/wp-json\/wp\/v2\/types\/post"}],"author":[{"embeddable":true,"href":"https:\/\/www.sudoestehoje.com.br\/novoportal\/wp-json\/wp\/v2\/users\/2"}],"replies":[{"embeddable":true,"href":"https:\/\/www.sudoestehoje.com.br\/novoportal\/wp-json\/wp\/v2\/comments?post=8487"}],"version-history":[{"count":5,"href":"https:\/\/www.sudoestehoje.com.br\/novoportal\/wp-json\/wp\/v2\/posts\/8487\/revisions"}],"predecessor-version":[{"id":8489,"href":"https:\/\/www.sudoestehoje.com.br\/novoportal\/wp-json\/wp\/v2\/posts\/8487\/revisions\/8489"}],"wp:attachment":[{"href":"https:\/\/www.sudoestehoje.com.br\/novoportal\/wp-json\/wp\/v2\/media?parent=8487"}],"wp:term":[{"taxonomy":"category","embeddable":true,"href":"https:\/\/www.sudoestehoje.com.br\/novoportal\/wp-json\/wp\/v2\/categories?post=8487"},{"taxonomy":"post_tag","embeddable":true,"href":"https:\/\/www.sudoestehoje.com.br\/novoportal\/wp-json\/wp\/v2\/tags?post=8487"}],"curies":[{"name":"wp","href":"https:\/\/api.w.org\/{rel}","templated":true}]}}