
{"id":84855,"date":"2020-02-07T18:37:42","date_gmt":"2020-02-07T21:37:42","guid":{"rendered":"https:\/\/www.sudoestehoje.com.br\/novoportal\/?p=84855"},"modified":"2020-02-07T18:39:15","modified_gmt":"2020-02-07T21:39:15","slug":"ex-vereadora-nidia-oliveira-disputara-vaga-na-camara-pelo-pl-de-leo-matos","status":"publish","type":"post","link":"https:\/\/www.sudoestehoje.com.br\/novoportal\/2020\/02\/07\/ex-vereadora-nidia-oliveira-disputara-vaga-na-camara-pelo-pl-de-leo-matos\/","title":{"rendered":"EX-VEREADORA N\u00cdDIA OLIVEIRA DISPUTAR\u00c1 VAGA NA C\u00c2MARA PELO PL DE L\u00c9O MATOS"},"content":{"rendered":"<p><a href=\"https:\/\/www.sudoestehoje.com.br\/novoportal\/wp-content\/uploads\/2020\/02\/n\u00eddia-e-brito.jpg\"><img loading=\"lazy\" decoding=\"async\" class=\"aligncenter size-medium wp-image-84857\" src=\"https:\/\/www.sudoestehoje.com.br\/novoportal\/wp-content\/uploads\/2020\/02\/n\u00eddia-e-brito-500x375.jpg\" alt=\"\" width=\"500\" height=\"375\" srcset=\"https:\/\/www.sudoestehoje.com.br\/novoportal\/wp-content\/uploads\/2020\/02\/n\u00eddia-e-brito-500x375.jpg 500w, https:\/\/www.sudoestehoje.com.br\/novoportal\/wp-content\/uploads\/2020\/02\/n\u00eddia-e-brito-768x576.jpg 768w, https:\/\/www.sudoestehoje.com.br\/novoportal\/wp-content\/uploads\/2020\/02\/n\u00eddia-e-brito-700x525.jpg 700w, https:\/\/www.sudoestehoje.com.br\/novoportal\/wp-content\/uploads\/2020\/02\/n\u00eddia-e-brito.jpg 1280w\" sizes=\"auto, (max-width: 500px) 100vw, 500px\" \/><\/a><\/p>\n<p>Uma das grandes apostas do PL de Itapetinga, para a C\u00e2mara Municipal, \u00e9 a candidatura da ex-vereadora N\u00eddia Oliveira, que durante seu \u00faltimo mandato exerceu a presid\u00eancia do legislativo do munic\u00edpio.<\/p>\n<p>Egressa do PDT, N\u00eddia Oliveira j\u00e1 assinou a ficha de filia\u00e7\u00e3o ao PL, com a anu\u00eancia do presidente local da legenda, L\u00e9o Matos, e conta tamb\u00e9m com a simpatia do deputado federal Ant\u00f4nio Brito (PSD) e da ex-vice prefeita K\u00e1tia Espinheira.<\/p>\n<p>Segundo L\u00e9o Matos, o PL se organiza para eleger uma bancada representativa na c\u00e2mara, com possibilidade de fazer de dois a tr\u00eas vereadores.<\/p>\n<p>N\u00eddia Oliveira e o vereador Valquir\u00e3o s\u00e3o destaques no PL.<\/p>\n<p><strong><em>Por Davi Ferraz<\/em><\/strong><\/p>\n","protected":false},"excerpt":{"rendered":"<p>Uma das grandes apostas do PL de Itapetinga, para a C\u00e2mara Municipal, \u00e9 a candidatura da ex-vereadora N\u00eddia Oliveira, que durante seu \u00faltimo mandato exerceu a presid\u00eancia do legislativo do munic\u00edpio. Egressa do PDT, N\u00eddia Oliveira j\u00e1 assinou a ficha de filia\u00e7\u00e3o ao PL, com a anu\u00eancia do presidente local da legenda, L\u00e9o Matos, e [&hellip;]<\/p>\n","protected":false},"author":2,"featured_media":84857,"comment_status":"open","ping_status":"open","sticky":false,"template":"","format":"standard","meta":{"footnotes":"","_links_to":"","_links_to_target":""},"categories":[1],"tags":[],"class_list":["post-84855","post","type-post","status-publish","format-standard","has-post-thumbnail","hentry","category-geral"],"views":959,"_links":{"self":[{"href":"https:\/\/www.sudoestehoje.com.br\/novoportal\/wp-json\/wp\/v2\/posts\/84855","targetHints":{"allow":["GET"]}}],"collection":[{"href":"https:\/\/www.sudoestehoje.com.br\/novoportal\/wp-json\/wp\/v2\/posts"}],"about":[{"href":"https:\/\/www.sudoestehoje.com.br\/novoportal\/wp-json\/wp\/v2\/types\/post"}],"author":[{"embeddable":true,"href":"https:\/\/www.sudoestehoje.com.br\/novoportal\/wp-json\/wp\/v2\/users\/2"}],"replies":[{"embeddable":true,"href":"https:\/\/www.sudoestehoje.com.br\/novoportal\/wp-json\/wp\/v2\/comments?post=84855"}],"version-history":[{"count":3,"href":"https:\/\/www.sudoestehoje.com.br\/novoportal\/wp-json\/wp\/v2\/posts\/84855\/revisions"}],"predecessor-version":[{"id":84859,"href":"https:\/\/www.sudoestehoje.com.br\/novoportal\/wp-json\/wp\/v2\/posts\/84855\/revisions\/84859"}],"wp:featuredmedia":[{"embeddable":true,"href":"https:\/\/www.sudoestehoje.com.br\/novoportal\/wp-json\/wp\/v2\/media\/84857"}],"wp:attachment":[{"href":"https:\/\/www.sudoestehoje.com.br\/novoportal\/wp-json\/wp\/v2\/media?parent=84855"}],"wp:term":[{"taxonomy":"category","embeddable":true,"href":"https:\/\/www.sudoestehoje.com.br\/novoportal\/wp-json\/wp\/v2\/categories?post=84855"},{"taxonomy":"post_tag","embeddable":true,"href":"https:\/\/www.sudoestehoje.com.br\/novoportal\/wp-json\/wp\/v2\/tags?post=84855"}],"curies":[{"name":"wp","href":"https:\/\/api.w.org\/{rel}","templated":true}]}}