
{"id":84851,"date":"2020-02-07T18:11:54","date_gmt":"2020-02-07T21:11:54","guid":{"rendered":"https:\/\/www.sudoestehoje.com.br\/novoportal\/?p=84851"},"modified":"2020-02-07T18:11:54","modified_gmt":"2020-02-07T21:11:54","slug":"em-visita-a-itapetinga-antonio-brito-se-reune-com-liderancas-locais-e-regionais","status":"publish","type":"post","link":"https:\/\/www.sudoestehoje.com.br\/novoportal\/2020\/02\/07\/em-visita-a-itapetinga-antonio-brito-se-reune-com-liderancas-locais-e-regionais\/","title":{"rendered":"EM VISITA A ITAPETINGA, ANT\u00d4NIO BRITO SE RE\u00daNE COM LIDERAN\u00c7AS LOCAIS E REGIONAIS"},"content":{"rendered":"<p><a href=\"https:\/\/www.sudoestehoje.com.br\/novoportal\/wp-content\/uploads\/2020\/02\/BRITO-EM-ITAPETINGA.jpg\"><img loading=\"lazy\" decoding=\"async\" class=\"aligncenter size-medium wp-image-84853\" src=\"https:\/\/www.sudoestehoje.com.br\/novoportal\/wp-content\/uploads\/2020\/02\/BRITO-EM-ITAPETINGA-500x375.jpg\" alt=\"\" width=\"500\" height=\"375\" srcset=\"https:\/\/www.sudoestehoje.com.br\/novoportal\/wp-content\/uploads\/2020\/02\/BRITO-EM-ITAPETINGA-500x375.jpg 500w, https:\/\/www.sudoestehoje.com.br\/novoportal\/wp-content\/uploads\/2020\/02\/BRITO-EM-ITAPETINGA-768x576.jpg 768w, https:\/\/www.sudoestehoje.com.br\/novoportal\/wp-content\/uploads\/2020\/02\/BRITO-EM-ITAPETINGA-700x525.jpg 700w, https:\/\/www.sudoestehoje.com.br\/novoportal\/wp-content\/uploads\/2020\/02\/BRITO-EM-ITAPETINGA.jpg 1280w\" sizes=\"auto, (max-width: 500px) 100vw, 500px\" \/><\/a><\/p>\n<p>Na oportunidade, ele esteve no Hospital Cristo Redentor\/ Funda\u00e7\u00e3o Jos\u00e9 Silveira acompanhado pelo coordenador executivo da Federa\u00e7\u00e3o das Santas Casas da Bahia Leonardo Matos, onde foram recepcionados pela coordenadora geral da unidade Ana B\u00e1rbara Matos.<\/p>\n<p>Durante a visita, o parlamentar anunciou a destina\u00e7\u00e3o de emendas para a sa\u00fade da \u201cCapital da Pecu\u00e1ria\u201d no valor de R$ 2,000,000,00 (dois milh\u00f5es de reais), e tamb\u00e9m informou que o seu grupo pol\u00edtico est\u00e1 construindo as chapas proporcionais (vereadores) no PL\/PSD, e que ap\u00f3s o per\u00edodo de filia\u00e7\u00f5es ser\u00e1 divulgado o apoio na chapa majorit\u00e1ria (prefeito\/vice).<\/p>\n<p>O parlamentar encerrou a sua estadia em Itapetinga participando de um almo\u00e7o com lideran\u00e7as locais e regionais, como o prefeito Dr. Miller Ferraz (Macarani), a ex-vice-prefeita K\u00e1tia Espinheira (Itapetinga), os vereadores Bruno Lopes (Itamb\u00e9), Gilmar Piritiba (Itapetinga) e Valquir\u00e3o (Itapetinga), a ex-vereadora N\u00eddia Oliveira (Itapetinga), o ex-vereador e presidente do PSD Alfredo Cabral Assis (Itapetinga), o provedor da Santa Casa e presidente do PP Dr. S\u00edlvio Macedo (Itapetinga), o diretor da Santa Casa Dr. Reinaldo Silva, o ex-secret\u00e1rio de Sa\u00fade Dr. H\u00e9lder Serafim (Itapetinga), a advogada Andr\u00e9a Carolina e o l\u00edder comunit\u00e1rio do bairro Quintas do Sul Irm\u00e3o Carlos Eduardo.<\/p>\n","protected":false},"excerpt":{"rendered":"<p>Na oportunidade, ele esteve no Hospital Cristo Redentor\/ Funda\u00e7\u00e3o Jos\u00e9 Silveira acompanhado pelo coordenador executivo da Federa\u00e7\u00e3o das Santas Casas da Bahia Leonardo Matos, onde foram recepcionados pela coordenadora geral da unidade Ana B\u00e1rbara Matos. Durante a visita, o parlamentar anunciou a destina\u00e7\u00e3o de emendas para a sa\u00fade da \u201cCapital da Pecu\u00e1ria\u201d no valor de [&hellip;]<\/p>\n","protected":false},"author":2,"featured_media":84853,"comment_status":"open","ping_status":"open","sticky":false,"template":"","format":"standard","meta":{"footnotes":"","_links_to":"","_links_to_target":""},"categories":[1],"tags":[],"class_list":["post-84851","post","type-post","status-publish","format-standard","has-post-thumbnail","hentry","category-geral"],"views":696,"_links":{"self":[{"href":"https:\/\/www.sudoestehoje.com.br\/novoportal\/wp-json\/wp\/v2\/posts\/84851","targetHints":{"allow":["GET"]}}],"collection":[{"href":"https:\/\/www.sudoestehoje.com.br\/novoportal\/wp-json\/wp\/v2\/posts"}],"about":[{"href":"https:\/\/www.sudoestehoje.com.br\/novoportal\/wp-json\/wp\/v2\/types\/post"}],"author":[{"embeddable":true,"href":"https:\/\/www.sudoestehoje.com.br\/novoportal\/wp-json\/wp\/v2\/users\/2"}],"replies":[{"embeddable":true,"href":"https:\/\/www.sudoestehoje.com.br\/novoportal\/wp-json\/wp\/v2\/comments?post=84851"}],"version-history":[{"count":2,"href":"https:\/\/www.sudoestehoje.com.br\/novoportal\/wp-json\/wp\/v2\/posts\/84851\/revisions"}],"predecessor-version":[{"id":84854,"href":"https:\/\/www.sudoestehoje.com.br\/novoportal\/wp-json\/wp\/v2\/posts\/84851\/revisions\/84854"}],"wp:featuredmedia":[{"embeddable":true,"href":"https:\/\/www.sudoestehoje.com.br\/novoportal\/wp-json\/wp\/v2\/media\/84853"}],"wp:attachment":[{"href":"https:\/\/www.sudoestehoje.com.br\/novoportal\/wp-json\/wp\/v2\/media?parent=84851"}],"wp:term":[{"taxonomy":"category","embeddable":true,"href":"https:\/\/www.sudoestehoje.com.br\/novoportal\/wp-json\/wp\/v2\/categories?post=84851"},{"taxonomy":"post_tag","embeddable":true,"href":"https:\/\/www.sudoestehoje.com.br\/novoportal\/wp-json\/wp\/v2\/tags?post=84851"}],"curies":[{"name":"wp","href":"https:\/\/api.w.org\/{rel}","templated":true}]}}