
{"id":84847,"date":"2020-02-05T19:24:23","date_gmt":"2020-02-05T22:24:23","guid":{"rendered":"https:\/\/www.sudoestehoje.com.br\/novoportal\/?p=84847"},"modified":"2020-02-05T19:24:23","modified_gmt":"2020-02-05T22:24:23","slug":"coronavirus-ministro-da-saude-anuncia-medidas-para-repatriar-brasileiros-na-china-e-protocolos-de-quarentena","status":"publish","type":"post","link":"https:\/\/www.sudoestehoje.com.br\/novoportal\/2020\/02\/05\/coronavirus-ministro-da-saude-anuncia-medidas-para-repatriar-brasileiros-na-china-e-protocolos-de-quarentena\/","title":{"rendered":"CORONAV\u00cdRUS: MINISTRO DA SA\u00daDE ANUNCIA MEDIDAS PARA REPATRIAR BRASILEIROS NA CHINA E PROTOCOLOS DE QUARENTENA"},"content":{"rendered":"<p><a href=\"https:\/\/www.sudoestehoje.com.br\/novoportal\/wp-content\/uploads\/2020\/02\/BRITO-E-MANDETA-CORONA.jpg\"><img loading=\"lazy\" decoding=\"async\" class=\"aligncenter size-medium wp-image-84848\" src=\"https:\/\/www.sudoestehoje.com.br\/novoportal\/wp-content\/uploads\/2020\/02\/BRITO-E-MANDETA-CORONA-500x334.jpg\" alt=\"\" width=\"500\" height=\"334\" srcset=\"https:\/\/www.sudoestehoje.com.br\/novoportal\/wp-content\/uploads\/2020\/02\/BRITO-E-MANDETA-CORONA-500x334.jpg 500w, https:\/\/www.sudoestehoje.com.br\/novoportal\/wp-content\/uploads\/2020\/02\/BRITO-E-MANDETA-CORONA-768x513.jpg 768w, https:\/\/www.sudoestehoje.com.br\/novoportal\/wp-content\/uploads\/2020\/02\/BRITO-E-MANDETA-CORONA-700x468.jpg 700w, https:\/\/www.sudoestehoje.com.br\/novoportal\/wp-content\/uploads\/2020\/02\/BRITO-E-MANDETA-CORONA.jpg 1280w\" sizes=\"auto, (max-width: 500px) 100vw, 500px\" \/><\/a><\/p>\n<p>O Ministro da Sa\u00fade, Luiz Henrique Mandetta, esteve em debate, hoje (5), na C\u00e2mara dos Deputados, a convite do presidente da Comiss\u00e3o de Seguridade Social e Fam\u00edlia, deputado federal Antonio Brito (PSD\/BA), e das frentes parlamentares da Sa\u00fade e da Medicina, quando apresentou a situa\u00e7\u00e3o epidemiol\u00f3gica do coronav\u00edrus no Brasil, no mundo, e a\u00e7\u00f5es do SUS.<\/p>\n<p>Mandetta explicou que, mesmo sem caso confirmado no pa\u00eds, o Minist\u00e9rio decidiu antecipar o n\u00edvel de resposta de emerg\u00eancia, seguindo a orienta\u00e7\u00e3o internacional, visando agilizar o processo de repatria\u00e7\u00e3o dos brasileiros que est\u00e3o em Wuhan, na China.<\/p>\n<p>Estes brasileiros, ao chegarem no pa\u00eds, dever\u00e3o permanecer em um per\u00edodo de quarentena na Base de An\u00e1polis, em Goi\u00e1s.\u00a0A princ\u00edpio, eles devem ficar isolados por 18 dias, quatro a mais do que a margem internacional, por seguran\u00e7a.<\/p>\n<p>No Brasil existem 11 casos que se enquadram na atual defini\u00e7\u00e3o de suspeitos para nCoV-2019. O Projeto de Lei 23\/20, encaminhado pelo Executivo, que estabeleceu as medidas a serem adotadas pelas autoridades sanit\u00e1rias em caso de emerg\u00eancia de sa\u00fade p\u00fablica provocada pelo coronav\u00edrus, foi aprovado ontem pela C\u00e2mara dos Deputados e hoje pelo Senado. A mat\u00e9ria agora segue para san\u00e7\u00e3o presidencial.<\/p>\n","protected":false},"excerpt":{"rendered":"<p>O Ministro da Sa\u00fade, Luiz Henrique Mandetta, esteve em debate, hoje (5), na C\u00e2mara dos Deputados, a convite do presidente da Comiss\u00e3o de Seguridade Social e Fam\u00edlia, deputado federal Antonio Brito (PSD\/BA), e das frentes parlamentares da Sa\u00fade e da Medicina, quando apresentou a situa\u00e7\u00e3o epidemiol\u00f3gica do coronav\u00edrus no Brasil, no mundo, e a\u00e7\u00f5es do [&hellip;]<\/p>\n","protected":false},"author":2,"featured_media":84848,"comment_status":"open","ping_status":"open","sticky":false,"template":"","format":"standard","meta":{"footnotes":"","_links_to":"","_links_to_target":""},"categories":[1],"tags":[],"class_list":["post-84847","post","type-post","status-publish","format-standard","has-post-thumbnail","hentry","category-geral"],"views":698,"_links":{"self":[{"href":"https:\/\/www.sudoestehoje.com.br\/novoportal\/wp-json\/wp\/v2\/posts\/84847","targetHints":{"allow":["GET"]}}],"collection":[{"href":"https:\/\/www.sudoestehoje.com.br\/novoportal\/wp-json\/wp\/v2\/posts"}],"about":[{"href":"https:\/\/www.sudoestehoje.com.br\/novoportal\/wp-json\/wp\/v2\/types\/post"}],"author":[{"embeddable":true,"href":"https:\/\/www.sudoestehoje.com.br\/novoportal\/wp-json\/wp\/v2\/users\/2"}],"replies":[{"embeddable":true,"href":"https:\/\/www.sudoestehoje.com.br\/novoportal\/wp-json\/wp\/v2\/comments?post=84847"}],"version-history":[{"count":1,"href":"https:\/\/www.sudoestehoje.com.br\/novoportal\/wp-json\/wp\/v2\/posts\/84847\/revisions"}],"predecessor-version":[{"id":84849,"href":"https:\/\/www.sudoestehoje.com.br\/novoportal\/wp-json\/wp\/v2\/posts\/84847\/revisions\/84849"}],"wp:featuredmedia":[{"embeddable":true,"href":"https:\/\/www.sudoestehoje.com.br\/novoportal\/wp-json\/wp\/v2\/media\/84848"}],"wp:attachment":[{"href":"https:\/\/www.sudoestehoje.com.br\/novoportal\/wp-json\/wp\/v2\/media?parent=84847"}],"wp:term":[{"taxonomy":"category","embeddable":true,"href":"https:\/\/www.sudoestehoje.com.br\/novoportal\/wp-json\/wp\/v2\/categories?post=84847"},{"taxonomy":"post_tag","embeddable":true,"href":"https:\/\/www.sudoestehoje.com.br\/novoportal\/wp-json\/wp\/v2\/tags?post=84847"}],"curies":[{"name":"wp","href":"https:\/\/api.w.org\/{rel}","templated":true}]}}