
{"id":84842,"date":"2020-02-05T19:13:11","date_gmt":"2020-02-05T22:13:11","guid":{"rendered":"https:\/\/www.sudoestehoje.com.br\/novoportal\/?p=84842"},"modified":"2020-02-05T19:39:33","modified_gmt":"2020-02-05T22:39:33","slug":"itapetinga-sem-energiabanco-do-brasil-funciona-com-grupo-gerador-no-meio-da-rua","status":"publish","type":"post","link":"https:\/\/www.sudoestehoje.com.br\/novoportal\/2020\/02\/05\/itapetinga-sem-energiabanco-do-brasil-funciona-com-grupo-gerador-no-meio-da-rua\/","title":{"rendered":"ITAPETINGA: SEM ENERGIA, BANCO DO BRASIL FUNCIONA COM GERADOR NO MEIO DA RUA"},"content":{"rendered":"<p><a href=\"https:\/\/www.sudoestehoje.com.br\/novoportal\/wp-content\/uploads\/2020\/02\/gerador-BB.jpg\"><img loading=\"lazy\" decoding=\"async\" class=\"aligncenter size-medium wp-image-84843\" src=\"https:\/\/www.sudoestehoje.com.br\/novoportal\/wp-content\/uploads\/2020\/02\/gerador-BB-500x375.jpg\" alt=\"\" width=\"500\" height=\"375\" srcset=\"https:\/\/www.sudoestehoje.com.br\/novoportal\/wp-content\/uploads\/2020\/02\/gerador-BB-500x375.jpg 500w, https:\/\/www.sudoestehoje.com.br\/novoportal\/wp-content\/uploads\/2020\/02\/gerador-BB-768x576.jpg 768w, https:\/\/www.sudoestehoje.com.br\/novoportal\/wp-content\/uploads\/2020\/02\/gerador-BB-700x525.jpg 700w, https:\/\/www.sudoestehoje.com.br\/novoportal\/wp-content\/uploads\/2020\/02\/gerador-BB.jpg 1280w\" sizes=\"auto, (max-width: 500px) 100vw, 500px\" \/><\/a><\/p>\n<p>Ap\u00f3s problemas na rede el\u00e9trica externa, h\u00e1 quase um m\u00eas, a ag\u00eancia do Banco do Brasil de Itapetinga teve que instalar um grupo gerador no meio da rua, para garantir o funcionamento e n\u00e3o interromper os servi\u00e7os prestados aos seus clientes, no munic\u00edpio e regi\u00e3o.<\/p>\n<p>Com problema id\u00eantico, as Casas Bahia, inaugurada no final de dezembro, teve que recorrer ao mesmo expediente, por cerca de um m\u00eas, para poder funcionar.<\/p>\n<p>A &#8216;coincid\u00eancia&#8217; \u00e9 que os dois estabelecimentos s\u00e3o localizados um em frente ao outro e que a rede danificada \u00e9 a mesma.<\/p>\n<p>Al\u00f4 Coelba!!!<\/p>\n<p><strong><em>Por Davi Ferraz<\/em><\/strong><\/p>\n","protected":false},"excerpt":{"rendered":"<p>Ap\u00f3s problemas na rede el\u00e9trica externa, h\u00e1 quase um m\u00eas, a ag\u00eancia do Banco do Brasil de Itapetinga teve que instalar um grupo gerador no meio da rua, para garantir o funcionamento e n\u00e3o interromper os servi\u00e7os prestados aos seus clientes, no munic\u00edpio e regi\u00e3o. Com problema id\u00eantico, as Casas Bahia, inaugurada no final de [&hellip;]<\/p>\n","protected":false},"author":2,"featured_media":84843,"comment_status":"open","ping_status":"open","sticky":false,"template":"","format":"standard","meta":{"footnotes":"","_links_to":"","_links_to_target":""},"categories":[1],"tags":[],"class_list":["post-84842","post","type-post","status-publish","format-standard","has-post-thumbnail","hentry","category-geral"],"views":1054,"_links":{"self":[{"href":"https:\/\/www.sudoestehoje.com.br\/novoportal\/wp-json\/wp\/v2\/posts\/84842","targetHints":{"allow":["GET"]}}],"collection":[{"href":"https:\/\/www.sudoestehoje.com.br\/novoportal\/wp-json\/wp\/v2\/posts"}],"about":[{"href":"https:\/\/www.sudoestehoje.com.br\/novoportal\/wp-json\/wp\/v2\/types\/post"}],"author":[{"embeddable":true,"href":"https:\/\/www.sudoestehoje.com.br\/novoportal\/wp-json\/wp\/v2\/users\/2"}],"replies":[{"embeddable":true,"href":"https:\/\/www.sudoestehoje.com.br\/novoportal\/wp-json\/wp\/v2\/comments?post=84842"}],"version-history":[{"count":4,"href":"https:\/\/www.sudoestehoje.com.br\/novoportal\/wp-json\/wp\/v2\/posts\/84842\/revisions"}],"predecessor-version":[{"id":84850,"href":"https:\/\/www.sudoestehoje.com.br\/novoportal\/wp-json\/wp\/v2\/posts\/84842\/revisions\/84850"}],"wp:featuredmedia":[{"embeddable":true,"href":"https:\/\/www.sudoestehoje.com.br\/novoportal\/wp-json\/wp\/v2\/media\/84843"}],"wp:attachment":[{"href":"https:\/\/www.sudoestehoje.com.br\/novoportal\/wp-json\/wp\/v2\/media?parent=84842"}],"wp:term":[{"taxonomy":"category","embeddable":true,"href":"https:\/\/www.sudoestehoje.com.br\/novoportal\/wp-json\/wp\/v2\/categories?post=84842"},{"taxonomy":"post_tag","embeddable":true,"href":"https:\/\/www.sudoestehoje.com.br\/novoportal\/wp-json\/wp\/v2\/tags?post=84842"}],"curies":[{"name":"wp","href":"https:\/\/api.w.org\/{rel}","templated":true}]}}