
{"id":84821,"date":"2020-02-03T22:26:00","date_gmt":"2020-02-04T01:26:00","guid":{"rendered":"https:\/\/www.sudoestehoje.com.br\/novoportal\/?p=84821"},"modified":"2020-02-03T22:26:00","modified_gmt":"2020-02-04T01:26:00","slug":"mp-vai-pedir-devolucao-de-dinheiro-pago-a-deputados-para-votar-pec-da-previdencia","status":"publish","type":"post","link":"https:\/\/www.sudoestehoje.com.br\/novoportal\/2020\/02\/03\/mp-vai-pedir-devolucao-de-dinheiro-pago-a-deputados-para-votar-pec-da-previdencia\/","title":{"rendered":"MP VAI PEDIR DEVOLU\u00c7\u00c3O DE DINHEIRO PAGO A DEPUTADOS PARA VOTAR PEC DA PREVID\u00caNCIA"},"content":{"rendered":"<p><a href=\"https:\/\/www.sudoestehoje.com.br\/novoportal\/wp-content\/uploads\/2020\/02\/50-MIL.jpg\"><img loading=\"lazy\" decoding=\"async\" class=\"aligncenter  wp-image-84823\" src=\"https:\/\/www.sudoestehoje.com.br\/novoportal\/wp-content\/uploads\/2020\/02\/50-MIL.jpg\" alt=\"\" width=\"501\" height=\"369\" \/><\/a><\/p>\n<p>O Minist\u00e9rio P\u00fablico do Estado (MP) deve acionar em breve a Assembleia Legislativa (Alba) e o governo da Bahia para pedir a devolu\u00e7\u00e3o dos R$ 3,2 milh\u00f5es pagos aos 63 deputados da Casa durante a tramita\u00e7\u00e3o da PEC reforma\u00a0da previd\u00eancia\u00a0que modificou o regime de aposentadorias e pens\u00f5es dos servidores p\u00fablicos estaduais.<\/p>\n<p>De acordo com a coluna Sat\u00e9lite, do Correio, nos pr\u00f3ximos dias, o MP vai enviar of\u00edcio ao presidente da Assembleia, Nelson Leal (PP), e ao governador Rui Costa (PT), no qual alerta sobre a ilegalidade do pagamento.<\/p>\n<p>O pedido se baseia em uma decis\u00e3o do Supremo que, em 2006, considerou inconstitucional repasses de abono para indenizar deputados em per\u00edodos de convoca\u00e7\u00e3o extraordin\u00e1ria, ou seja, nos recessos parlamentares<\/p>\n","protected":false},"excerpt":{"rendered":"<p>O Minist\u00e9rio P\u00fablico do Estado (MP) deve acionar em breve a Assembleia Legislativa (Alba) e o governo da Bahia para pedir a devolu\u00e7\u00e3o dos R$ 3,2 milh\u00f5es pagos aos 63 deputados da Casa durante a tramita\u00e7\u00e3o da PEC reforma\u00a0da previd\u00eancia\u00a0que modificou o regime de aposentadorias e pens\u00f5es dos servidores p\u00fablicos estaduais. De acordo com a [&hellip;]<\/p>\n","protected":false},"author":2,"featured_media":84823,"comment_status":"open","ping_status":"open","sticky":false,"template":"","format":"standard","meta":{"footnotes":"","_links_to":"","_links_to_target":""},"categories":[1],"tags":[],"class_list":["post-84821","post","type-post","status-publish","format-standard","has-post-thumbnail","hentry","category-geral"],"views":725,"_links":{"self":[{"href":"https:\/\/www.sudoestehoje.com.br\/novoportal\/wp-json\/wp\/v2\/posts\/84821","targetHints":{"allow":["GET"]}}],"collection":[{"href":"https:\/\/www.sudoestehoje.com.br\/novoportal\/wp-json\/wp\/v2\/posts"}],"about":[{"href":"https:\/\/www.sudoestehoje.com.br\/novoportal\/wp-json\/wp\/v2\/types\/post"}],"author":[{"embeddable":true,"href":"https:\/\/www.sudoestehoje.com.br\/novoportal\/wp-json\/wp\/v2\/users\/2"}],"replies":[{"embeddable":true,"href":"https:\/\/www.sudoestehoje.com.br\/novoportal\/wp-json\/wp\/v2\/comments?post=84821"}],"version-history":[{"count":2,"href":"https:\/\/www.sudoestehoje.com.br\/novoportal\/wp-json\/wp\/v2\/posts\/84821\/revisions"}],"predecessor-version":[{"id":84824,"href":"https:\/\/www.sudoestehoje.com.br\/novoportal\/wp-json\/wp\/v2\/posts\/84821\/revisions\/84824"}],"wp:featuredmedia":[{"embeddable":true,"href":"https:\/\/www.sudoestehoje.com.br\/novoportal\/wp-json\/wp\/v2\/media\/84823"}],"wp:attachment":[{"href":"https:\/\/www.sudoestehoje.com.br\/novoportal\/wp-json\/wp\/v2\/media?parent=84821"}],"wp:term":[{"taxonomy":"category","embeddable":true,"href":"https:\/\/www.sudoestehoje.com.br\/novoportal\/wp-json\/wp\/v2\/categories?post=84821"},{"taxonomy":"post_tag","embeddable":true,"href":"https:\/\/www.sudoestehoje.com.br\/novoportal\/wp-json\/wp\/v2\/tags?post=84821"}],"curies":[{"name":"wp","href":"https:\/\/api.w.org\/{rel}","templated":true}]}}