
{"id":84811,"date":"2020-02-03T21:41:55","date_gmt":"2020-02-04T00:41:55","guid":{"rendered":"https:\/\/www.sudoestehoje.com.br\/novoportal\/?p=84811"},"modified":"2020-02-03T21:41:55","modified_gmt":"2020-02-04T00:41:55","slug":"pgr-da-parecer-favoravel-e-geddel-pode-ir-para-o-regime-semiaberto","status":"publish","type":"post","link":"https:\/\/www.sudoestehoje.com.br\/novoportal\/2020\/02\/03\/pgr-da-parecer-favoravel-e-geddel-pode-ir-para-o-regime-semiaberto\/","title":{"rendered":"PGR D\u00c1 PARECER FAVOR\u00c1VEL E GEDDEL PODE IR PARA O REGIME SEMIABERTO"},"content":{"rendered":"<p><a href=\"https:\/\/www.sudoestehoje.com.br\/novoportal\/wp-content\/uploads\/2020\/02\/geddel_habeas_corpus_decisao-620x350.jpg\"><img loading=\"lazy\" decoding=\"async\" class=\"aligncenter size-medium wp-image-84812\" src=\"https:\/\/www.sudoestehoje.com.br\/novoportal\/wp-content\/uploads\/2020\/02\/geddel_habeas_corpus_decisao-620x350-500x282.jpg\" alt=\"\" width=\"500\" height=\"282\" srcset=\"https:\/\/www.sudoestehoje.com.br\/novoportal\/wp-content\/uploads\/2020\/02\/geddel_habeas_corpus_decisao-620x350-500x282.jpg 500w, https:\/\/www.sudoestehoje.com.br\/novoportal\/wp-content\/uploads\/2020\/02\/geddel_habeas_corpus_decisao-620x350.jpg 620w\" sizes=\"auto, (max-width: 500px) 100vw, 500px\" \/><\/a><\/p>\n<p>Condenado em outubro pelo STF a 14 anos de pris\u00e3o, no caso do bunker de R$ 51 milh\u00f5es em Salvador, Geddel Vieira Lima pode deixar em breve a cadeia.<\/p>\n<p>A nova coordenadora da Lava Jato na PGR,\u00a0Lind\u00f4ra Ara\u00fajo, enviou parecer ao STF favor\u00e1vel \u00e0 progress\u00e3o para o regime semiaberto.<\/p>\n<p>O ex-ministro foi condenado pela Segunda Turma por lavagem de dinheiro e associa\u00e7\u00e3o criminosa.<\/p>\n<p>Como ele est\u00e1 preso desde julho de 2017, a subprocuradora entendeu que ele j\u00e1 cumpriu tempo suficiente para ir para o semiaberto, que permite a sa\u00edda da pris\u00e3o durante o dia para trabalho.<\/p>\n","protected":false},"excerpt":{"rendered":"<p>Condenado em outubro pelo STF a 14 anos de pris\u00e3o, no caso do bunker de R$ 51 milh\u00f5es em Salvador, Geddel Vieira Lima pode deixar em breve a cadeia. A nova coordenadora da Lava Jato na PGR,\u00a0Lind\u00f4ra Ara\u00fajo, enviou parecer ao STF favor\u00e1vel \u00e0 progress\u00e3o para o regime semiaberto. O ex-ministro foi condenado pela Segunda [&hellip;]<\/p>\n","protected":false},"author":2,"featured_media":84812,"comment_status":"open","ping_status":"open","sticky":false,"template":"","format":"standard","meta":{"footnotes":"","_links_to":"","_links_to_target":""},"categories":[1],"tags":[],"class_list":["post-84811","post","type-post","status-publish","format-standard","has-post-thumbnail","hentry","category-geral"],"views":770,"_links":{"self":[{"href":"https:\/\/www.sudoestehoje.com.br\/novoportal\/wp-json\/wp\/v2\/posts\/84811","targetHints":{"allow":["GET"]}}],"collection":[{"href":"https:\/\/www.sudoestehoje.com.br\/novoportal\/wp-json\/wp\/v2\/posts"}],"about":[{"href":"https:\/\/www.sudoestehoje.com.br\/novoportal\/wp-json\/wp\/v2\/types\/post"}],"author":[{"embeddable":true,"href":"https:\/\/www.sudoestehoje.com.br\/novoportal\/wp-json\/wp\/v2\/users\/2"}],"replies":[{"embeddable":true,"href":"https:\/\/www.sudoestehoje.com.br\/novoportal\/wp-json\/wp\/v2\/comments?post=84811"}],"version-history":[{"count":1,"href":"https:\/\/www.sudoestehoje.com.br\/novoportal\/wp-json\/wp\/v2\/posts\/84811\/revisions"}],"predecessor-version":[{"id":84813,"href":"https:\/\/www.sudoestehoje.com.br\/novoportal\/wp-json\/wp\/v2\/posts\/84811\/revisions\/84813"}],"wp:featuredmedia":[{"embeddable":true,"href":"https:\/\/www.sudoestehoje.com.br\/novoportal\/wp-json\/wp\/v2\/media\/84812"}],"wp:attachment":[{"href":"https:\/\/www.sudoestehoje.com.br\/novoportal\/wp-json\/wp\/v2\/media?parent=84811"}],"wp:term":[{"taxonomy":"category","embeddable":true,"href":"https:\/\/www.sudoestehoje.com.br\/novoportal\/wp-json\/wp\/v2\/categories?post=84811"},{"taxonomy":"post_tag","embeddable":true,"href":"https:\/\/www.sudoestehoje.com.br\/novoportal\/wp-json\/wp\/v2\/tags?post=84811"}],"curies":[{"name":"wp","href":"https:\/\/api.w.org\/{rel}","templated":true}]}}