
{"id":84781,"date":"2020-01-31T12:28:34","date_gmt":"2020-01-31T15:28:34","guid":{"rendered":"https:\/\/www.sudoestehoje.com.br\/novoportal\/?p=84781"},"modified":"2020-01-31T17:35:59","modified_gmt":"2020-01-31T20:35:59","slug":"fundacao-jose-silveira-recebe-homenagem-do-tribunal-de-justica-por-sua-atuacao-na-area-social-e-de-saude","status":"publish","type":"post","link":"https:\/\/www.sudoestehoje.com.br\/novoportal\/2020\/01\/31\/fundacao-jose-silveira-recebe-homenagem-do-tribunal-de-justica-por-sua-atuacao-na-area-social-e-de-saude\/","title":{"rendered":"FUNDA\u00c7\u00c3O JOS\u00c9 SILVEIRA RECEBE HOMENAGEM DO TRIBUNAL DE JUSTI\u00c7A POR SUA ATUA\u00c7\u00c3O NA \u00c1REA SOCIAL E DE SA\u00daDE"},"content":{"rendered":"<p><a href=\"https:\/\/www.sudoestehoje.com.br\/novoportal\/wp-content\/uploads\/2020\/01\/FJS-TJ.jpg\"><img loading=\"lazy\" decoding=\"async\" class=\"aligncenter size-medium wp-image-84783\" src=\"https:\/\/www.sudoestehoje.com.br\/novoportal\/wp-content\/uploads\/2020\/01\/FJS-TJ-500x333.jpg\" alt=\"\" width=\"500\" height=\"333\" srcset=\"https:\/\/www.sudoestehoje.com.br\/novoportal\/wp-content\/uploads\/2020\/01\/FJS-TJ-500x333.jpg 500w, https:\/\/www.sudoestehoje.com.br\/novoportal\/wp-content\/uploads\/2020\/01\/FJS-TJ-768x512.jpg 768w, https:\/\/www.sudoestehoje.com.br\/novoportal\/wp-content\/uploads\/2020\/01\/FJS-TJ-700x466.jpg 700w, https:\/\/www.sudoestehoje.com.br\/novoportal\/wp-content\/uploads\/2020\/01\/FJS-TJ.jpg 1280w\" sizes=\"auto, (max-width: 500px) 100vw, 500px\" \/><\/a><\/p>\n<p>O Tribunal de Justi\u00e7a da Bahia (TJBA) homenageou, nesta quinta-feira (30), a Funda\u00e7\u00e3o Jos\u00e9 Silveira com a concess\u00e3o da Medalha dos 410 anos do TJBA na pessoa do seu presidente, Dr. Geraldo Leite.<\/p>\n<p>A honraria foi proposta pelo desembargador Lidivaldo Reiache Raimundo Britto, ex-procurador geral do Minist\u00e9rio P\u00fablico do Estado da Bahia, e aprovada por unanimidade, em fun\u00e7\u00e3o dos servi\u00e7os prestados pela institui\u00e7\u00e3o nas \u00e1reas de sa\u00fade e cidadania em parceria com o Tribunal.<\/p>\n","protected":false},"excerpt":{"rendered":"<p>O Tribunal de Justi\u00e7a da Bahia (TJBA) homenageou, nesta quinta-feira (30), a Funda\u00e7\u00e3o Jos\u00e9 Silveira com a concess\u00e3o da Medalha dos 410 anos do TJBA na pessoa do seu presidente, Dr. Geraldo Leite. A honraria foi proposta pelo desembargador Lidivaldo Reiache Raimundo Britto, ex-procurador geral do Minist\u00e9rio P\u00fablico do Estado da Bahia, e aprovada por [&hellip;]<\/p>\n","protected":false},"author":2,"featured_media":84783,"comment_status":"open","ping_status":"open","sticky":false,"template":"","format":"standard","meta":{"footnotes":"","_links_to":"","_links_to_target":""},"categories":[1],"tags":[],"class_list":["post-84781","post","type-post","status-publish","format-standard","has-post-thumbnail","hentry","category-geral"],"views":851,"_links":{"self":[{"href":"https:\/\/www.sudoestehoje.com.br\/novoportal\/wp-json\/wp\/v2\/posts\/84781","targetHints":{"allow":["GET"]}}],"collection":[{"href":"https:\/\/www.sudoestehoje.com.br\/novoportal\/wp-json\/wp\/v2\/posts"}],"about":[{"href":"https:\/\/www.sudoestehoje.com.br\/novoportal\/wp-json\/wp\/v2\/types\/post"}],"author":[{"embeddable":true,"href":"https:\/\/www.sudoestehoje.com.br\/novoportal\/wp-json\/wp\/v2\/users\/2"}],"replies":[{"embeddable":true,"href":"https:\/\/www.sudoestehoje.com.br\/novoportal\/wp-json\/wp\/v2\/comments?post=84781"}],"version-history":[{"count":2,"href":"https:\/\/www.sudoestehoje.com.br\/novoportal\/wp-json\/wp\/v2\/posts\/84781\/revisions"}],"predecessor-version":[{"id":84784,"href":"https:\/\/www.sudoestehoje.com.br\/novoportal\/wp-json\/wp\/v2\/posts\/84781\/revisions\/84784"}],"wp:featuredmedia":[{"embeddable":true,"href":"https:\/\/www.sudoestehoje.com.br\/novoportal\/wp-json\/wp\/v2\/media\/84783"}],"wp:attachment":[{"href":"https:\/\/www.sudoestehoje.com.br\/novoportal\/wp-json\/wp\/v2\/media?parent=84781"}],"wp:term":[{"taxonomy":"category","embeddable":true,"href":"https:\/\/www.sudoestehoje.com.br\/novoportal\/wp-json\/wp\/v2\/categories?post=84781"},{"taxonomy":"post_tag","embeddable":true,"href":"https:\/\/www.sudoestehoje.com.br\/novoportal\/wp-json\/wp\/v2\/tags?post=84781"}],"curies":[{"name":"wp","href":"https:\/\/api.w.org\/{rel}","templated":true}]}}