
{"id":84769,"date":"2020-01-31T07:30:22","date_gmt":"2020-01-31T10:30:22","guid":{"rendered":"https:\/\/www.sudoestehoje.com.br\/novoportal\/?p=84769"},"modified":"2020-01-31T19:52:15","modified_gmt":"2020-01-31T22:52:15","slug":"exclusivo-dem-e-mdb-reafirmam-alianca-para-eleicoes-municipais-de-outubro","status":"publish","type":"post","link":"https:\/\/www.sudoestehoje.com.br\/novoportal\/2020\/01\/31\/exclusivo-dem-e-mdb-reafirmam-alianca-para-eleicoes-municipais-de-outubro\/","title":{"rendered":"EXCLUSIVO! DEM E MDB REAFIRMAM ALIAN\u00c7A PARA ELEI\u00c7\u00d5ES MUNICIPAIS DE OUTUBRO"},"content":{"rendered":"<p><a href=\"https:\/\/www.sudoestehoje.com.br\/novoportal\/wp-content\/uploads\/2020\/01\/dem-mdb-1.jpg\"><img loading=\"lazy\" decoding=\"async\" class=\"aligncenter size-medium wp-image-84771\" src=\"https:\/\/www.sudoestehoje.com.br\/novoportal\/wp-content\/uploads\/2020\/01\/dem-mdb-1-500x375.jpg\" alt=\"\" width=\"500\" height=\"375\" srcset=\"https:\/\/www.sudoestehoje.com.br\/novoportal\/wp-content\/uploads\/2020\/01\/dem-mdb-1-500x375.jpg 500w, https:\/\/www.sudoestehoje.com.br\/novoportal\/wp-content\/uploads\/2020\/01\/dem-mdb-1-768x576.jpg 768w, https:\/\/www.sudoestehoje.com.br\/novoportal\/wp-content\/uploads\/2020\/01\/dem-mdb-1-700x525.jpg 700w, https:\/\/www.sudoestehoje.com.br\/novoportal\/wp-content\/uploads\/2020\/01\/dem-mdb-1.jpg 1280w\" sizes=\"auto, (max-width: 500px) 100vw, 500px\" \/><\/a><\/p>\n<p>Em reuni\u00e3o realizada na noite desta quinta-feira (30), lideran\u00e7as municipais do MDB e Democratas reafirmaram a continua\u00e7\u00e3o da alian\u00e7a que levou o prefeito Rodrigo Hagge e o vice Renan Pereira \u00e0 vit\u00f3ria em 2016.<\/p>\n<p>Participaram da reuni\u00e3o o prefeito Rodrigo Hagge, Michel Hagge, Orlando Sousa, Carlito Ferraz e Darwin Renan, pelo MDB, e Dr. Jos\u00e9 Ot\u00e1vio Curvelo, Renan Pereira, Zildo Carvalho, Billy Grahan, Felizd\u00eanio, Mara R\u00fabia e Jos\u00e9 Gustercindo, dentre outros, pelo DEM.<\/p>\n<p><a href=\"https:\/\/www.sudoestehoje.com.br\/novoportal\/wp-content\/uploads\/2020\/01\/dem-mdb-3.jpg\"><img loading=\"lazy\" decoding=\"async\" class=\"aligncenter size-medium wp-image-84773\" src=\"https:\/\/www.sudoestehoje.com.br\/novoportal\/wp-content\/uploads\/2020\/01\/dem-mdb-3-500x376.jpg\" alt=\"\" width=\"500\" height=\"376\" srcset=\"https:\/\/www.sudoestehoje.com.br\/novoportal\/wp-content\/uploads\/2020\/01\/dem-mdb-3-500x376.jpg 500w, https:\/\/www.sudoestehoje.com.br\/novoportal\/wp-content\/uploads\/2020\/01\/dem-mdb-3-768x577.jpg 768w, https:\/\/www.sudoestehoje.com.br\/novoportal\/wp-content\/uploads\/2020\/01\/dem-mdb-3-700x526.jpg 700w, https:\/\/www.sudoestehoje.com.br\/novoportal\/wp-content\/uploads\/2020\/01\/dem-mdb-3.jpg 1280w\" sizes=\"auto, (max-width: 500px) 100vw, 500px\" \/><\/a><\/p>\n<p>E A VICE?<\/p>\n<p>Apesar do cargo de vice-prefeito na chapa majorit\u00e1ria ter outros pretendentes, a escolha natural deve recair mesmo sobre o nome do atual vice, Renan Pereira, que vem reafirmando o seu total apoio \u00e0 gest\u00e3o do prefeito Rodrigo Hagge, auxiliando-o em quest\u00f5es relevantes da administra\u00e7\u00e3o.<\/p>\n<p><a href=\"https:\/\/www.sudoestehoje.com.br\/novoportal\/wp-content\/uploads\/2020\/01\/dem-mdb-2.jpg\"><img loading=\"lazy\" decoding=\"async\" class=\"aligncenter size-medium wp-image-84772\" src=\"https:\/\/www.sudoestehoje.com.br\/novoportal\/wp-content\/uploads\/2020\/01\/dem-mdb-2-500x375.jpg\" alt=\"\" width=\"500\" height=\"375\" srcset=\"https:\/\/www.sudoestehoje.com.br\/novoportal\/wp-content\/uploads\/2020\/01\/dem-mdb-2-500x375.jpg 500w, https:\/\/www.sudoestehoje.com.br\/novoportal\/wp-content\/uploads\/2020\/01\/dem-mdb-2-768x576.jpg 768w, https:\/\/www.sudoestehoje.com.br\/novoportal\/wp-content\/uploads\/2020\/01\/dem-mdb-2-700x525.jpg 700w, https:\/\/www.sudoestehoje.com.br\/novoportal\/wp-content\/uploads\/2020\/01\/dem-mdb-2.jpg 1280w\" sizes=\"auto, (max-width: 500px) 100vw, 500px\" \/><\/a><\/p>\n<p>Em contato com outros participantes da reuni\u00e3o, o blog apurou que a decis\u00e3o pela perman\u00eancia do Democratas na alian\u00e7a com o MDB foi un\u00e2nime, mas com algumas discuss\u00f5es sobre temas da administra\u00e7\u00e3o, que se faziam necess\u00e1rios.<\/p>\n","protected":false},"excerpt":{"rendered":"<p>Em reuni\u00e3o realizada na noite desta quinta-feira (30), lideran\u00e7as municipais do MDB e Democratas reafirmaram a continua\u00e7\u00e3o da alian\u00e7a que levou o prefeito Rodrigo Hagge e o vice Renan Pereira \u00e0 vit\u00f3ria em 2016. Participaram da reuni\u00e3o o prefeito Rodrigo Hagge, Michel Hagge, Orlando Sousa, Carlito Ferraz e Darwin Renan, pelo MDB, e Dr. Jos\u00e9 [&hellip;]<\/p>\n","protected":false},"author":2,"featured_media":84771,"comment_status":"open","ping_status":"open","sticky":false,"template":"","format":"standard","meta":{"footnotes":"","_links_to":"","_links_to_target":""},"categories":[1],"tags":[],"class_list":["post-84769","post","type-post","status-publish","format-standard","has-post-thumbnail","hentry","category-geral"],"views":1284,"_links":{"self":[{"href":"https:\/\/www.sudoestehoje.com.br\/novoportal\/wp-json\/wp\/v2\/posts\/84769","targetHints":{"allow":["GET"]}}],"collection":[{"href":"https:\/\/www.sudoestehoje.com.br\/novoportal\/wp-json\/wp\/v2\/posts"}],"about":[{"href":"https:\/\/www.sudoestehoje.com.br\/novoportal\/wp-json\/wp\/v2\/types\/post"}],"author":[{"embeddable":true,"href":"https:\/\/www.sudoestehoje.com.br\/novoportal\/wp-json\/wp\/v2\/users\/2"}],"replies":[{"embeddable":true,"href":"https:\/\/www.sudoestehoje.com.br\/novoportal\/wp-json\/wp\/v2\/comments?post=84769"}],"version-history":[{"count":6,"href":"https:\/\/www.sudoestehoje.com.br\/novoportal\/wp-json\/wp\/v2\/posts\/84769\/revisions"}],"predecessor-version":[{"id":84788,"href":"https:\/\/www.sudoestehoje.com.br\/novoportal\/wp-json\/wp\/v2\/posts\/84769\/revisions\/84788"}],"wp:featuredmedia":[{"embeddable":true,"href":"https:\/\/www.sudoestehoje.com.br\/novoportal\/wp-json\/wp\/v2\/media\/84771"}],"wp:attachment":[{"href":"https:\/\/www.sudoestehoje.com.br\/novoportal\/wp-json\/wp\/v2\/media?parent=84769"}],"wp:term":[{"taxonomy":"category","embeddable":true,"href":"https:\/\/www.sudoestehoje.com.br\/novoportal\/wp-json\/wp\/v2\/categories?post=84769"},{"taxonomy":"post_tag","embeddable":true,"href":"https:\/\/www.sudoestehoje.com.br\/novoportal\/wp-json\/wp\/v2\/tags?post=84769"}],"curies":[{"name":"wp","href":"https:\/\/api.w.org\/{rel}","templated":true}]}}